{"id":3160,"date":"2023-11-21T13:25:02","date_gmt":"2023-11-21T12:25:02","guid":{"rendered":"https:\/\/pasaenmendoza.com\/?p=3160"},"modified":"2023-11-21T13:25:03","modified_gmt":"2023-11-21T12:25:03","slug":"patricia-gimenez-milei-era-la-opcion-del-cambio-antikirchnerista","status":"publish","type":"post","link":"https:\/\/pasaenmendoza.com\/?p=3160","title":{"rendered":"Patricia Gim\u00e9nez: &#8220;Milei era la opci\u00f3n del cambio antikirchnerista&#8221;"},"content":{"rendered":"\n<p>Patricia Gim\u00e9nez, exlegisladora y compa\u00f1era de f\u00f3rmula con Luis Petri en las PASO de Mendoza, coment\u00f3 que Javier Milei era &#8220;el cambio&#8221; y &#8220;la propuesta antikirchnerista&#8221; en el balotaje y que por eso, ahora lo acompa\u00f1an.<\/p>\n\n\n\n<p>En di\u00e1logo con el programa &#8220;Jornada #6a7&#8221;, conducido por Jorge Fern\u00e1ndez Rojas que se emite de lunes a viernes de 6 a 7 por Radio Jornada 91.9, agreg\u00f3 que &#8220;se est\u00e1 armando un equipo para poder llevar adelante sus propuestas&#8221; y que una vez que termin\u00f3 la primera instancia (las elecciones generales) se reacomodaron. &#8220;Quienes quedan en tercero o cuarto quinto lugar tienen que trabajar con los dos primeros por las propuestas&#8221;.<\/p>\n\n\n\n<p>Y defini\u00f3 que al igual que Luis Petri, va a acompa\u00f1ar esta propuesta: &#8220;Con Patricia Bullrich y Mauricio Macri nos acercamos a Milei porque ten\u00edamos la certeza que era la opci\u00f3n del cambio, la opci\u00f3n antikirchnerista y que era lo que la sociedad demandaba&#8221;.<\/p>\n\n\n\n<p>Sin embargo adelant\u00f3 que ver\u00e1n cu\u00e1les son los l\u00edmites &#8220;infranqueables&#8221;: &#8220;Por eso en el acuerdo est\u00e1 que la educaci\u00f3n ni la universidad p\u00fablica no se puede tocar, o la venta de \u00f3rganos, o sea, puede haber cosas que acomodar pero hay l\u00edmites y \u00e9l acept\u00f3&#8221;.<\/p>\n\n\n\n<p>Por su parte, aclar\u00f3 que Milei no dej\u00f3 que nadie tocara su mirada sobre la econom\u00eda y ahora hay que ver c\u00f3mo dej\u00f3 el pa\u00eds Sergio Massa. &#8220;En los \u00faltimos meses, en lugar de trabajar para achicar el gasto lo fue aumentando con el &#8216;plan platita&#8217;.\u00a0 El 11 de diciembre hay que mirar c\u00f3mo dej\u00f3 el barco Masa para para ver c\u00f3mo partimos hacia adelante en un nuevo plan realmente econ\u00f3mico&#8221;.\u00a0<\/p>\n\n\n\n<p>clar\u00f3 que el panorama es &#8220;muy complicado&#8221; con una deuda que, adem\u00e1s de 400.000 millones de d\u00f3lares, hay que sumar la deuda que ya se ten\u00eda, m\u00e1s la Leliq.<\/p>\n\n\n\n<p>\u00bfPetri en el equipo de Milei?<\/p>\n\n\n\n<p>Ante las distintas versiones o rumores de si Luis Petri -quien fuera compa\u00f1ero de f\u00f3rmula con Patricia Bullrich en las generales por Juntos por el Cambio- Gim\u00e9nez aclar\u00f3 que sin dudas va a trabajar y acompa\u00f1ar la gesti\u00f3n pero &#8220;todav\u00eda no tenemos la&nbsp; certeza de formar parte del Gabinete&#8221;.&nbsp;<\/p>\n\n\n\n<p>&#8220;Si lo han visto (a Petri) acompa\u00f1ando fuertemente esta etapa de la campa\u00f1a desde lo discursivo en los medios con la necesidad de eliminar el kirchnerismo que nos ha llevado los \u00faltimos a\u00f1os a esta decadencia, no s\u00f3lo econ\u00f3mica, sino tambi\u00e9n moral.<\/p>\n\n\n\n<p>Por \u00faltimo, se\u00f1al\u00f3 que si al pa\u00eds le va bien a Mendoza tambi\u00e9n y que si Milei ordena la macroeconom\u00eda, la provincia sola surge: &#8220;Tenemos sectores que est\u00e1n esperando surgir, toda miner\u00eda en Malarg\u00fce, que no es metall\u00edfera, y otros sectores como la metalmec\u00e1nica que por cuestiones de costos, hoy no est\u00e1 exportando pero tenemos muchas empresas con posibilidades de hacerlo&#8221;.<\/p>\n\n\n\n<p>FUENTE: Mendozapost.<\/p>\n","protected":false},"excerpt":{"rendered":"<p>Patricia Gim\u00e9nez, exlegisladora y compa\u00f1era de f\u00f3rmula con Luis Petri en las PASO de Mendoza, coment\u00f3 que Javier Milei era &#8220;el cambio&#8221; y &#8220;la propuesta antikirchnerista&#8221; en el balotaje y que por eso, ahora lo acompa\u00f1an. En di\u00e1logo con el programa &#8220;Jornada #6a7&#8221;, conducido por Jorge Fern\u00e1ndez Rojas que se emite de lunes a viernes [&hellip;]<\/p>\n","protected":false},"author":2,"featured_media":3161,"comment_status":"open","ping_status":"open","sticky":true,"template":"","format":"standard","meta":[],"categories":[47],"tags":[],"_links":{"self":[{"href":"https:\/\/pasaenmendoza.com\/index.php?rest_route=\/wp\/v2\/posts\/3160"}],"collection":[{"href":"https:\/\/pasaenmendoza.com\/index.php?rest_route=\/wp\/v2\/posts"}],"about":[{"href":"https:\/\/pasaenmendoza.com\/index.php?rest_route=\/wp\/v2\/types\/post"}],"author":[{"embeddable":true,"href":"https:\/\/pasaenmendoza.com\/index.php?rest_route=\/wp\/v2\/users\/2"}],"replies":[{"embeddable":true,"href":"https:\/\/pasaenmendoza.com\/index.php?rest_route=%2Fwp%2Fv2%2Fcomments&post=3160"}],"version-history":[{"count":1,"href":"https:\/\/pasaenmendoza.com\/index.php?rest_route=\/wp\/v2\/posts\/3160\/revisions"}],"predecessor-version":[{"id":3162,"href":"https:\/\/pasaenmendoza.com\/index.php?rest_route=\/wp\/v2\/posts\/3160\/revisions\/3162"}],"wp:featuredmedia":[{"embeddable":true,"href":"https:\/\/pasaenmendoza.com\/index.php?rest_route=\/wp\/v2\/media\/3161"}],"wp:attachment":[{"href":"https:\/\/pasaenmendoza.com\/index.php?rest_route=%2Fwp%2Fv2%2Fmedia&parent=3160"}],"wp:term":[{"taxonomy":"category","embeddable":true,"href":"https:\/\/pasaenmendoza.com\/index.php?rest_route=%2Fwp%2Fv2%2Fcategories&post=3160"},{"taxonomy":"post_tag","embeddable":true,"href":"https:\/\/pasaenmendoza.com\/index.php?rest_route=%2Fwp%2Fv2%2Ftags&post=3160"}],"curies":[{"name":"wp","href":"https:\/\/api.w.org\/{rel}","templated":true}]}}