{"id":3163,"date":"2023-11-21T13:32:02","date_gmt":"2023-11-21T12:32:02","guid":{"rendered":"https:\/\/pasaenmendoza.com\/?p=3163"},"modified":"2023-11-21T13:32:04","modified_gmt":"2023-11-21T12:32:04","slug":"cornejo-y-suarez-preparan-una-reunion-de-la-liga-de-gobernadores-jxc-para-el-miercoles","status":"publish","type":"post","link":"https:\/\/pasaenmendoza.com\/?p=3163","title":{"rendered":"Cornejo y Suarez preparan una reuni\u00f3n de la Liga de Gobernadores JxC para el mi\u00e9rcoles \u00a0"},"content":{"rendered":"\n<p>Ser\u00e1 este mi\u00e9rcoles y s\u00f3lo acudir\u00e1n mandatarios provinciales. Definir\u00e1n su postura ante la presidencia de Milei, que necesita su apoyo en el Congreso<\/p>\n\n\n\n<p>Tras el triunfo de\u00a0<strong>Javier Milei<\/strong>, el gobernador electo y el saliente,<strong>\u00a0Alfredo Cornejo y Rodolfo Suarez<\/strong>, preparan una reuni\u00f3n de la<strong>\u00a0Liga de Gobernadores<\/strong>\u00a0de\u00a0<strong>Juntos por el Cambio<\/strong>. El encuentro ser\u00e1 este mi\u00e9rcoles y se espera que est\u00e9n todos los mandatarios de las jurisdicciones que domina el frente. Gran parte del manejo del Congreso depende de ellos, y el cara a cara se dar\u00e1 en medio de un rearmado de la coalici\u00f3n, dividida tras la derrota en octubre.<\/p>\n\n\n\n<p><strong>Cornejo es uno de los que est\u00e1n organizando la convocatoria.&nbsp;<\/strong>Son los primeros gestos de la importancia que se prev\u00e9 tendr\u00e1 en ese conjunto de l\u00edderes. Es uno de los que&nbsp;<strong>m\u00e1s experiencia pol\u00edtica acumula&nbsp;<\/strong>entre todos ellos; sobre todo porque en otras provincias, algunos de esos dirigentes son muy j\u00f3venes o al menos carecen de tanta trayectoria como ostenta el sancarlino. Es el caso, por ejemplo, de&nbsp;<strong>Ignacio \u201cNacho\u201d Torres, quien con 35 a\u00f1os conducir\u00e1 Chubut.<\/strong><\/p>\n\n\n\n<p>El encuentro no ser\u00e1 de todo Juntos por el Cambio, como en otras oportunidade<strong>s. Esta vez los convocados ser\u00e1n s\u00f3lo mandatarios provinciales,<\/strong>\u00a0dando poder a la mencionada Liga, de la que se aguarda que tome el control o al menos c<strong>ierta parte del liderazgo en el futuro inmediato de los ex Cambiemos.<\/strong>\u00a0Eso quiere decir que no est\u00e1n invitados ni Patricia Bullrich ni Mauricio Macri. Tampoco\u00a0<strong>Luis Petri,\u00a0<\/strong>una de las figuras en ascenso que tiene el espacio.<\/p>\n\n\n\n<p>Desde&nbsp;<strong>el s\u00e1bado, antes de conocer resultados, ya se estaba hablando del mitin en la coalici\u00f3n<\/strong>. Todav\u00eda no definen ni d\u00f3nde ser\u00e1 ni el horario, aunque est\u00e1 en firme que la sede sea la Ciudad Aut\u00f3noma de<strong>&nbsp;Buenos Aires<\/strong>, donde han sido las \u00faltimas convocatorias de esa fuerza opositora. All\u00ed se aguarda que est\u00e9n todos:<strong>&nbsp;tanto los que jugaron un poco m\u00e1s para el lado de Milei como los que lo hicieron m\u00e1s cercanos a Sergio Massa.&nbsp;<\/strong>Entre estos \u00faltimos se cuenta a<strong>&nbsp;Gerardo Morales<\/strong>&nbsp;y algunos ponen tambi\u00e9n a su sucesor en Jujuy,&nbsp;<strong>Carlos Sadir.<\/strong><\/p>\n\n\n\n<p>\u201cNo sabemos bien c\u00f3mo ser\u00e1, pero dado el cuadro de situaci\u00f3n,\u00a0<strong>uno imagina un megaencuentro al estilo \u2018Esperando la Carroza\u2019&#8221;,\u00a0<\/strong>dijeron desde Cambia Mendoza. La referencia tiene que ver con que algunos v\u00ednculos pasan un muy mal momento en\u00a0<strong>JxC y van a estar todos concentrados en un mismo lugar.\u00a0<\/strong>Sin embargo, tambi\u00e9n puede trazarse otra reminiscencia: que,\u00a0<strong>como en el cl\u00e1sico del cine argentino, el personaje al que cre\u00edan\u00a0<\/strong>muerto -un partido pol\u00edtico, quiz\u00e1s- aparezca m\u00e1s\u00a0<strong>vivaz que nunca,\u00a0<\/strong>arrancando sonrisas y forz\u00e1ndole volantazos a la trama.<\/p>\n\n\n\n<h2 class=\"wp-block-heading\">Juntos, en el gobierno de Javier Milei<\/h2>\n\n\n\n<p>Fueron \u2013y son- varios los rumores respecto a chances de que&nbsp;<strong>miembros de Juntos integren la gesti\u00f3n mileista.&nbsp;<\/strong>En Justicia, por ejemplo, sonaba&nbsp;<strong>Germ\u00e1n Garavano&nbsp;<\/strong>como uno de los que ten\u00edan boletos comprados. Garavano fue el titular de esa cartera durante los 4 a\u00f1os que dur\u00f3 el macrismo, pero no tendr\u00e1 esa suerte en el futuro:&nbsp;<strong>Milei confirm\u00f3 all\u00ed al jurista Mariano C\u00faneo Libarona.<\/strong><\/p>\n\n\n\n<p><strong>Federico Sturzenegger<\/strong>, ex titular del Banco Central, es otro de los invocados en pasillos de La Libertad Avanza.<strong>\u00a0En este caso, se habla de que podr\u00eda ser el nuevo mandam\u00e1s en Econom\u00eda.\u00a0<\/strong>Ni m\u00e1s ni menos que el ministerio sobre el que m\u00e1s hermetismo mantienen y aquel sobre el cual, obviamente, m\u00e1s conoce Milei. Sturzenegger aclar\u00f3 en septiembre, ante versiones que lo vinculaban a LLA, que\u00a0<strong>hab\u00eda preparado un trabajo sobre desregulaci\u00f3n econ\u00f3mica, pero que era para Patricia Bullrich\u00a0<\/strong>y no para el ex Corporaci\u00f3n Am\u00e9rica.<\/p>\n\n\n\n<p>Cuando gan\u00f3 Macri la presidencia,&nbsp;<strong>Cristina Kirchner no le entreg\u00f3 el bast\u00f3n de mando.&nbsp;<\/strong>Tuvo que hacerlo<strong>&nbsp;Federico Pinedo<\/strong>, quien el 10 de diciembre de 2015 fue \u201cpresidente\u201d durante doce horas. Luego condujo el Senado como segunda autoridad durante toda la era&nbsp;<strong>Cambiemos. Ahora estuvo cerca de llegar a la Canciller\u00eda,&nbsp;<\/strong>al menos de acuerdo a la informaci\u00f3n que circul\u00f3 por estos d\u00edas, pero son cada vez m\u00e1s s\u00f3lidos los datos que lo alejan de ese cargo, porque ubican all\u00ed a la economista<strong>&nbsp;Diana Mondino.<\/strong><\/p>\n\n\n\n<p>Resta ver si hay un nombre de Juntos por el Cambio que pueda ir a la cartera de Seguridad. Ah\u00ed se sabe que es terreno de la vice,<strong>&nbsp;Victoria Villarruel.&nbsp;<\/strong>Suena el coronel retirado de Inteligencia&nbsp;<strong>Jorge Vives<\/strong>, pero es recordado que Milei alguna vez dijo que<strong>&nbsp;ve\u00eda \u201cbien\u201d a Bullrich en ese lugar.<\/strong>&nbsp;Ella lo ocup\u00f3 durante la gesti\u00f3n de Macri y desde ah\u00ed catapult\u00f3 su imagen.<\/p>\n\n\n\n<p><strong>\u00bfY Luis Petri?<\/strong>\u00a0Ya son dos los mendocinos que, s\u00f3lo a pura especulaci\u00f3n, lo se\u00f1alaron cerca de ese ministerio. Es lo suyo y se la jug\u00f3 por completo para que Milei fuese presidente,<strong>\u00a0incluso fiscalizando una mesa en San Mart\u00edn<\/strong>. Nada est\u00e1 descartado; aunque al respecto no ha habido m\u00e1s que tibias especulaciones.<\/p>\n\n\n\n<p>FUENTE: Diariouno.com.ar <\/p>\n","protected":false},"excerpt":{"rendered":"<p>Ser\u00e1 este mi\u00e9rcoles y s\u00f3lo acudir\u00e1n mandatarios provinciales. Definir\u00e1n su postura ante la presidencia de Milei, que necesita su apoyo en el Congreso Tras el triunfo de\u00a0Javier Milei, el gobernador electo y el saliente,\u00a0Alfredo Cornejo y Rodolfo Suarez, preparan una reuni\u00f3n de la\u00a0Liga de Gobernadores\u00a0de\u00a0Juntos por el Cambio. El encuentro ser\u00e1 este mi\u00e9rcoles y se [&hellip;]<\/p>\n","protected":false},"author":2,"featured_media":3165,"comment_status":"open","ping_status":"open","sticky":true,"template":"","format":"standard","meta":[],"categories":[47],"tags":[],"_links":{"self":[{"href":"https:\/\/pasaenmendoza.com\/index.php?rest_route=\/wp\/v2\/posts\/3163"}],"collection":[{"href":"https:\/\/pasaenmendoza.com\/index.php?rest_route=\/wp\/v2\/posts"}],"about":[{"href":"https:\/\/pasaenmendoza.com\/index.php?rest_route=\/wp\/v2\/types\/post"}],"author":[{"embeddable":true,"href":"https:\/\/pasaenmendoza.com\/index.php?rest_route=\/wp\/v2\/users\/2"}],"replies":[{"embeddable":true,"href":"https:\/\/pasaenmendoza.com\/index.php?rest_route=%2Fwp%2Fv2%2Fcomments&post=3163"}],"version-history":[{"count":1,"href":"https:\/\/pasaenmendoza.com\/index.php?rest_route=\/wp\/v2\/posts\/3163\/revisions"}],"predecessor-version":[{"id":3166,"href":"https:\/\/pasaenmendoza.com\/index.php?rest_route=\/wp\/v2\/posts\/3163\/revisions\/3166"}],"wp:featuredmedia":[{"embeddable":true,"href":"https:\/\/pasaenmendoza.com\/index.php?rest_route=\/wp\/v2\/media\/3165"}],"wp:attachment":[{"href":"https:\/\/pasaenmendoza.com\/index.php?rest_route=%2Fwp%2Fv2%2Fmedia&parent=3163"}],"wp:term":[{"taxonomy":"category","embeddable":true,"href":"https:\/\/pasaenmendoza.com\/index.php?rest_route=%2Fwp%2Fv2%2Fcategories&post=3163"},{"taxonomy":"post_tag","embeddable":true,"href":"https:\/\/pasaenmendoza.com\/index.php?rest_route=%2Fwp%2Fv2%2Ftags&post=3163"}],"curies":[{"name":"wp","href":"https:\/\/api.w.org\/{rel}","templated":true}]}}