{"id":3172,"date":"2023-11-21T13:43:52","date_gmt":"2023-11-21T12:43:52","guid":{"rendered":"https:\/\/pasaenmendoza.com\/?p=3172"},"modified":"2023-11-21T13:43:54","modified_gmt":"2023-11-21T12:43:54","slug":"el-turismo-en-mendoza-dejo-mas-del-70-de-ocupacion-hotelera-este-fin-de-semana-largo","status":"publish","type":"post","link":"https:\/\/pasaenmendoza.com\/?p=3172","title":{"rendered":"El turismo en Mendoza dej\u00f3 m\u00e1s del 70% de ocupaci\u00f3n hotelera este fin de semana largo"},"content":{"rendered":"\n<p><strong>Mendoza lleg\u00f3 a tener el 70% de ocupaci\u00f3n hotelera este\u00a0fin de semana largo<\/strong>\u00a0como se hab\u00eda previsto. En su mayor\u00eda fueron turistas internacionales pero algunos argentinos decidieron viajar a la provincia despu\u00e9s de votar.<\/p>\n\n\n\n<p>La semana pasada el Gobierno de Mendoza&nbsp;<strong>anticip\u00f3 que tanto los hoteles como los vuelos internacionales ten\u00edan un gran porcentajes de reservas<\/strong>. El flujo de turistas internacionales result\u00f3 el esperado, principalmente desde Chile y Brasil.<\/p>\n\n\n\n<p>Por otra parte,\u00a0<strong>hubo 90% de transporte a\u00e9reo entre Mendoza y Aeroparque<\/strong>, seg\u00fan lo informado a Canal 7 por la Ministra de Cultura y Turismo, Nora Vicario.<\/p>\n\n\n\n<p>Desde algunas aerol\u00edneas informaron que<strong>&nbsp;la ocupaci\u00f3n que se registraba para los d\u00edas 17, 18 y 19 de noviembre era superior al 80%.<\/strong><\/p>\n\n\n\n<p>Latam Airlines se\u00f1al\u00f3 que la ruta San Pablo &#8211; Mendoza tuvo el 83% de ocupaci\u00f3n para el 17 de noviembre, la ruta Lima &#8211; Mendoza entre el 85% y 90% para el 17 y 18 de noviembre y la ruta Santiago de Chile &#8211; Mendoza entre el 87% y 88% para el pasado viernes y s\u00e1bado.<\/p>\n\n\n\n<p>Por otra parte, la aerol\u00ednea GOL, compuesta por visitantes brasiler\u00f1s, tuvo 90% de registro. Por \u00faltimo, Aerol\u00edneas Argentinas cont\u00f3 con m\u00e1s del 80% de viajantes provenientes de San Pablo.<\/p>\n\n\n\n<p>El&nbsp;<strong>paso a Chile reabri\u00f3 sus puertas el s\u00e1bado<\/strong>&nbsp;para todo tipo de veh\u00edculos lo que tambi\u00e9n colabor\u00f3 para que m\u00e1s personas pudieran llegar a la provincia.<\/p>\n\n\n\n<h2 class=\"wp-block-heading\">Turismo interno que lleg\u00f3 luego del balotaje<\/h2>\n\n\n\n<p>Se esperaba que el movimiento tur\u00edstico nacional estuviera m\u00e1s cerca de los niveles habituales que de aquellos que tienen un feriado. Sin embargo,&nbsp;<strong>muchos visitantes llegaron a la provincia posterior a cumplir con su deber&nbsp;<\/strong>y votar para \u00fanicamente pasar un d\u00eda, sostuvo Nora Vicario.<\/p>\n\n\n\n<p>Desde el Ministerio de Cultura y Turismo aseguraron el pasado mi\u00e9rcoles que llegar\u00edan m\u00e1s de 50 mil turistas con una estad\u00eda promedio de entre 2 y 4 d\u00edas, con&nbsp;<strong>un gasto diario por persona de $23.000<\/strong>&nbsp;aproximadamente.<\/p>\n\n\n\n<p>Los lugares m\u00e1s concurridos fueron los parajes de San Rafael que tuvieron el 75% de reservas, Potrerillos, Cacheuta y Gran Mendoza.<\/p>\n\n\n\n<h2 class=\"wp-block-heading\">El turismo en el pa\u00eds fue el 36,5% menor que el a\u00f1o pasado<\/h2>\n\n\n\n<p>El fin de semana largo por el D\u00eda Soberan\u00eda Nacional moviliz\u00f3 a 910 mil turistas nacionales y extranjeros en distintos puntos del pa\u00eds, el 36,5% menos que en la misma celebraci\u00f3n de 2022, &#8220;dado el contexto del balotaje&#8221;, de acuerdo con el informe dado a conocer este lunes por la Confederaci\u00f3n Argentina de la Mediana Empresa (CAME).<\/p>\n\n\n\n<p>La entidad empresaria indic\u00f3 que<strong>&nbsp;el total de turistas gast\u00f3 $43.377,7 millones&nbsp;<\/strong>en las ciudades que forman parte del circuito nacional, el 69,9% m\u00e1s que en el mismo fin de semana largo del a\u00f1o pasado, un incremento que por ser menor a la inflaci\u00f3n represent\u00f3 una ca\u00edda del 32,3% en t\u00e9rminos reales.<\/p>\n\n\n\n<p>&#8220;<strong>Hubo muchas cancelaciones de viajes desde octubre, tras conocerse que habr\u00eda balotaje<\/strong>&#8220;, agreg\u00f3 CAME, aunque se\u00f1al\u00f3 que &#8220;el resultado fue muy dispar entre localidades&#8221;, destac\u00e1ndose que &#8220;en muchas ciudades de la Patagonia y Cuyo, unos 130 mil turistas internacionales, en total, colmaron las plazas hoteleras y para-hoteleras&#8221;.<\/p>\n\n\n\n<p><strong>Fuente: www.diariouno.com.ar<\/strong><\/p>\n","protected":false},"excerpt":{"rendered":"<p>Mendoza lleg\u00f3 a tener el 70% de ocupaci\u00f3n hotelera este\u00a0fin de semana largo\u00a0como se hab\u00eda previsto. En su mayor\u00eda fueron turistas internacionales pero algunos argentinos decidieron viajar a la provincia despu\u00e9s de votar. La semana pasada el Gobierno de Mendoza&nbsp;anticip\u00f3 que tanto los hoteles como los vuelos internacionales ten\u00edan un gran porcentajes de reservas. El [&hellip;]<\/p>\n","protected":false},"author":2,"featured_media":3173,"comment_status":"open","ping_status":"open","sticky":false,"template":"","format":"standard","meta":[],"categories":[64],"tags":[],"_links":{"self":[{"href":"https:\/\/pasaenmendoza.com\/index.php?rest_route=\/wp\/v2\/posts\/3172"}],"collection":[{"href":"https:\/\/pasaenmendoza.com\/index.php?rest_route=\/wp\/v2\/posts"}],"about":[{"href":"https:\/\/pasaenmendoza.com\/index.php?rest_route=\/wp\/v2\/types\/post"}],"author":[{"embeddable":true,"href":"https:\/\/pasaenmendoza.com\/index.php?rest_route=\/wp\/v2\/users\/2"}],"replies":[{"embeddable":true,"href":"https:\/\/pasaenmendoza.com\/index.php?rest_route=%2Fwp%2Fv2%2Fcomments&post=3172"}],"version-history":[{"count":1,"href":"https:\/\/pasaenmendoza.com\/index.php?rest_route=\/wp\/v2\/posts\/3172\/revisions"}],"predecessor-version":[{"id":3174,"href":"https:\/\/pasaenmendoza.com\/index.php?rest_route=\/wp\/v2\/posts\/3172\/revisions\/3174"}],"wp:featuredmedia":[{"embeddable":true,"href":"https:\/\/pasaenmendoza.com\/index.php?rest_route=\/wp\/v2\/media\/3173"}],"wp:attachment":[{"href":"https:\/\/pasaenmendoza.com\/index.php?rest_route=%2Fwp%2Fv2%2Fmedia&parent=3172"}],"wp:term":[{"taxonomy":"category","embeddable":true,"href":"https:\/\/pasaenmendoza.com\/index.php?rest_route=%2Fwp%2Fv2%2Fcategories&post=3172"},{"taxonomy":"post_tag","embeddable":true,"href":"https:\/\/pasaenmendoza.com\/index.php?rest_route=%2Fwp%2Fv2%2Ftags&post=3172"}],"curies":[{"name":"wp","href":"https:\/\/api.w.org\/{rel}","templated":true}]}}