{"id":3176,"date":"2023-11-21T13:58:32","date_gmt":"2023-11-21T12:58:32","guid":{"rendered":"https:\/\/pasaenmendoza.com\/?p=3176"},"modified":"2023-11-21T13:58:33","modified_gmt":"2023-11-21T12:58:33","slug":"economia-2024-por-que-esta-en-jaque-y-cuales-son-los-desafios-del-plan-economico","status":"publish","type":"post","link":"https:\/\/pasaenmendoza.com\/?p=3176","title":{"rendered":"Econom\u00eda 2024: por qu\u00e9 est\u00e1 en jaque y cu\u00e1les son los desaf\u00edos del plan econ\u00f3mico"},"content":{"rendered":"\n<p>Los indicadores econ\u00f3micos y los desequilibrios actuales ponen en jaque a la econom\u00eda del pr\u00f3ximo a\u00f1o. No se trata solo de la herencia recibida sino que ser\u00e1 clave la propuesta y la rapidez del nuevo equipo econ\u00f3mico para atemperar los efectos de la recesi\u00f3n con la que terminar\u00e1 el 2023 y se extender\u00eda a 2024. El principal desaf\u00edo ser\u00e1 el de mantener controlada la\u00a0<strong>inflaci\u00f3n<\/strong>\u00a0as\u00ed como otorgarle valor al peso, algo complejo si se piensa en el discurso\u00a0<strong>dolarizador<\/strong>\u00a0del presidente electo,\u00a0<strong>Javier Milei.<\/strong><\/p>\n\n\n\n<p>El actual d\u00e9ficit primario de la econom\u00eda es de tres puntos del Producto Bruto Interno y, si no se hiciera nada, la situaci\u00f3n se agravar\u00eda en al menos un punto y medio m\u00e1s para el a\u00f1o que viene. Esto, sin tener en cuenta que se trata de una meta no cumplida con el Fondo Monetario Internacional (FMI) y que nuevamente se deber\u00e1n renegociar todos los acuerdos con el organismo internacional.<\/p>\n\n\n\n<p>En este escenario, para el economista del Ieral de Fundaci\u00f3n Mediterr\u00e1nea, Gustavo Reyes, ser\u00e1 dif\u00edcil que las personas quieran tener pesos con el riesgo que ello implica en una mayor espiralizaci\u00f3n de la<strong>\u00a0inflaci\u00f3n<\/strong>. En funci\u00f3n de las promesas de campa\u00f1a, si\u00a0<strong>Milei\u00a0<\/strong>cumple con legalizar la utilizaci\u00f3n del\u00a0<strong>d\u00f3lar<\/strong>, la pregunta es qui\u00e9n va a querer tener alg\u00fan peso.<\/p>\n\n\n\n<p>\u201cSi todo eso estuviera, faltar\u00eda la tercera condici\u00f3n para poder concretar los cambios y&nbsp;es que ese plan sea cre\u00edble para la gente\u201d, precis\u00f3 el economista del Ieral. Si esto no sucede, controlar la&nbsp;<strong>inflaci\u00f3n<\/strong>&nbsp;y mejorar la demanda de pesos ser\u00e1 una tarea casi imposible, con el consiguiente impacto en la<strong>&nbsp;inflaci\u00f3n<\/strong>. &nbsp;<\/p>\n\n\n\n<h2 class=\"wp-block-heading\">Ajuste, desequilibrios y sinceramiento<\/h2>\n\n\n\n<p>Los problemas de precios relativos son muy grandes por lo que \u00e9stos deber\u00edan sincerarse en el corto plazo, lo que en los primeros meses va a generar una&nbsp;<strong>inflaci\u00f3n&nbsp;<\/strong>muy alta. En esta l\u00ednea, el economista Sebasti\u00e1n Laza sum\u00f3 que entre los valores que deber\u00edan ajustarse se destaca el precio del&nbsp;<strong>d\u00f3lar,&nbsp;<\/strong>as\u00ed como el de las tarifas que hoy est\u00e1n reguladas. Para ello y por no tener mayor\u00eda en el Congreso, el presidente electo deber\u00e1 tejer consensos y apoyos amplios.<\/p>\n\n\n\n<p>Al tiempo que se sinceran los precios de la manera m\u00e1s r\u00e1pida posible, otro desaf\u00edo en puerta tiene que ver con medidas para equilibrar las cuentas fiscales y bajar la emisi\u00f3n monetaria. \u201cLo primero es el sinceramiento, incluido tipo de cambio, m\u00e1s lo fiscal y monetario\u201d, resumi\u00f3 Laza.<\/p>\n\n\n\n<p>En este marco y por m\u00e1s buena voluntad que haya, tanto si se toman estas medidas como si no, al menos el primer semestre de 2024 ser\u00e1 altamente recesivo debido al importante ajuste que se har\u00e1 en todos los puntos. Esto es porque, en este marco, los que m\u00e1s van a sufrir ser\u00e1n los salarios que hoy ya est\u00e1n en una situaci\u00f3n compleja.<\/p>\n\n\n\n<p>El problema, para el dirigente empresarial Diego Stortini, es que esta transici\u00f3n debe estar marcada en los primeros cuatro meses de 2024 debido a que no hay resto ni econ\u00f3mico ni social para m\u00e1s esperas. En este marco, aunque el sector privado celebra esta suerte de aire fresco que llega con el nuevo presidente, lo cierto es que tiene m\u00e1s dudas que certezas acerca de c\u00f3mo se atravesar\u00e1 este ajuste que amenaza ser muy fuerte.<\/p>\n\n\n\n<p>Para el economista Sebasti\u00e1n Laza, aunque el primer semestre ser\u00e1 m\u00e1s complejo, lo cierto es que todo 2024 presenta grandes desaf\u00edos. No obstante, record\u00f3 que sin sequ\u00eda y con el gasoducto listo, el pr\u00f3ximo a\u00f1o habr\u00e1 m\u00e1s\u00a0<strong>d\u00f3lares\u00a0<\/strong>que servir\u00e1n para campear la crisis. \u201cSi se hacen bien las cosas, el 2024 permitir\u00e1 nivelar la cancha para empezar a crecer en 2025\u201d, resumi\u00f3 Laza.<\/p>\n\n\n\n<p><strong>Fuente: www.mdzol.com<\/strong><\/p>\n","protected":false},"excerpt":{"rendered":"<p>Los indicadores econ\u00f3micos y los desequilibrios actuales ponen en jaque a la econom\u00eda del pr\u00f3ximo a\u00f1o. No se trata solo de la herencia recibida sino que ser\u00e1 clave la propuesta y la rapidez del nuevo equipo econ\u00f3mico para atemperar los efectos de la recesi\u00f3n con la que terminar\u00e1 el 2023 y se extender\u00eda a 2024. [&hellip;]<\/p>\n","protected":false},"author":2,"featured_media":3179,"comment_status":"open","ping_status":"open","sticky":false,"template":"","format":"standard","meta":[],"categories":[75],"tags":[],"_links":{"self":[{"href":"https:\/\/pasaenmendoza.com\/index.php?rest_route=\/wp\/v2\/posts\/3176"}],"collection":[{"href":"https:\/\/pasaenmendoza.com\/index.php?rest_route=\/wp\/v2\/posts"}],"about":[{"href":"https:\/\/pasaenmendoza.com\/index.php?rest_route=\/wp\/v2\/types\/post"}],"author":[{"embeddable":true,"href":"https:\/\/pasaenmendoza.com\/index.php?rest_route=\/wp\/v2\/users\/2"}],"replies":[{"embeddable":true,"href":"https:\/\/pasaenmendoza.com\/index.php?rest_route=%2Fwp%2Fv2%2Fcomments&post=3176"}],"version-history":[{"count":2,"href":"https:\/\/pasaenmendoza.com\/index.php?rest_route=\/wp\/v2\/posts\/3176\/revisions"}],"predecessor-version":[{"id":3182,"href":"https:\/\/pasaenmendoza.com\/index.php?rest_route=\/wp\/v2\/posts\/3176\/revisions\/3182"}],"wp:featuredmedia":[{"embeddable":true,"href":"https:\/\/pasaenmendoza.com\/index.php?rest_route=\/wp\/v2\/media\/3179"}],"wp:attachment":[{"href":"https:\/\/pasaenmendoza.com\/index.php?rest_route=%2Fwp%2Fv2%2Fmedia&parent=3176"}],"wp:term":[{"taxonomy":"category","embeddable":true,"href":"https:\/\/pasaenmendoza.com\/index.php?rest_route=%2Fwp%2Fv2%2Fcategories&post=3176"},{"taxonomy":"post_tag","embeddable":true,"href":"https:\/\/pasaenmendoza.com\/index.php?rest_route=%2Fwp%2Fv2%2Ftags&post=3176"}],"curies":[{"name":"wp","href":"https:\/\/api.w.org\/{rel}","templated":true}]}}