{"id":3191,"date":"2023-11-22T13:14:02","date_gmt":"2023-11-22T12:14:02","guid":{"rendered":"https:\/\/pasaenmendoza.com\/?p=3191"},"modified":"2023-11-22T13:14:03","modified_gmt":"2023-11-22T12:14:03","slug":"la-maniobra-de-cornejo-para-reagrupar-juntos-por-el-cambio-y-negociar-con-milei","status":"publish","type":"post","link":"https:\/\/pasaenmendoza.com\/?p=3191","title":{"rendered":"La maniobra de Cornejo para reagrupar Juntos por el Cambio y negociar con Milei"},"content":{"rendered":"\n<p>Los gobernadores de Juntos por el Cambio buscar\u00e1n una estrategia com\u00fan. Quedaron &#8220;hu\u00e9rfanos&#8221; por la ruptura del frente, pero quieren agruparse para presionar mejor.<\/p>\n\n\n\n<p><strong>Juntos por el Cambio<\/strong>&nbsp;a\u00fan no termina su derrumbe. Y en medio de las ruinas pol\u00edticas, los gobernadores que surgieron desde ese espacio buscan pararse para un delicado doble rol: mostrarse con algo de solidez frente al presidente<strong>&nbsp;Javier Milei&nbsp;<\/strong>y comenzar a planear una reconstrucci\u00f3n como sector opositor. El impacto de las elecciones fue tremendo, pues dej\u00f3 a JXC sin identidad, con menos peso pol\u00edtico y con ausencia de liderazgos.&nbsp;<\/p>\n\n\n\n<p>En ese plano es que los gobernadores, 10 en total, intentan mostrarse como bloque. Su poder por ahora es &#8220;hiperlocal&#8221;, pues les sirvi\u00f3 a ellos para validar o revalidar su territorialidad, pero no traccionaron ni trasladaron ese potencial a la Naci\u00f3n. El gobernador\u00a0<strong>Alfredo Cornejo\u00a0<\/strong>es uno de los que busca liderar ese bloque, aunque antes deber\u00edan formarse como tal. Hoy, luego del mediod\u00eda, se reunir\u00e1n todos en la Casa de Mendoza. De all\u00ed saldr\u00e1 un comunicado y al menos un inicio de estrategia. El problema para los mandatarios es que en el nuevo tablero pol\u00edtico hay muchos espacios vac\u00edos y fichas sin jugar.\u00a0<\/p>\n\n\n\n<p>El sector del Pro que responde a Patricia Bullrich y Mauricio Macri estar\u00e1 dentro del Gobierno. Para entender la magnitud de esa alianza, aseguran, habr\u00e1 que esperar porque as\u00ed como fue secreto e intempestivo el apoyo expl\u00edcito que decidieron darle a\u00a0<strong>Milei<\/strong>, la integraci\u00f3n del gobierno sigue la misma l\u00ednea.\u00a0<\/p>\n\n\n\n<h2 class=\"wp-block-heading\">Impermeabilidad<\/h2>\n\n\n\n<p>A pesar de la impermeabilidad de\u00a0<strong>Milei<\/strong>\u00a0y de la ausencia de temas federales en su plan &#8220;de primera mano&#8221;, hay algunas se\u00f1ales que las leen como oportunidad en las provincias. Primero, que el presidente electo &#8220;delega&#8221; y conf\u00eda sobre temas que no maneja. Uno es, justamente, la relaci\u00f3n pol\u00edtica con los estados provinciales. La aparici\u00f3n del menemista Guillermo Francos tambi\u00e9n es una se\u00f1al &#8220;alentadora&#8221; para tener un v\u00ednculo pol\u00edtico y no &#8220;anti casta&#8221;.\u00a0<\/p>\n\n\n\n<p>En el horizonte cercano&nbsp;<strong>Milei<\/strong>&nbsp;podr\u00eda necesitar renegociar con las provincias los pactos fiscales que se impulsaron con Macri y Alberto Fern\u00e1ndez. El Presidente electo dijo que &#8220;el equilibrio fiscal no se negocia&#8221;. El ajuste que busca es, quiz\u00e1, la primera medida que tomar\u00e1 el 11 de diciembre, primer d\u00eda h\u00e1bil de su gesti\u00f3n. Los votos de los gobernadores en el Congreso tendr\u00e1n una relativa importancia. Pero s\u00ed podr\u00eda ser m\u00e1s importante alg\u00fan apoyo por acci\u00f3n u omisi\u00f3n: no judicializar Decretos, &#8220;cuidar las calles&#8221; y acompa\u00f1ar. No ser\u00e1 f\u00e1cil. En el bloque de nuevos gobernadores est\u00e1, por ejemplo, el mandatario de Neuqu\u00e9n Rolando Figueroa. La idea de que el Estado deje de ser el principal accionista de YPF inquieta en esa provincia y, de antemano, ya enciende la mecha piquetera nuevamente en la capital energ\u00e9tica del pa\u00eds. Mendoza tampoco es ajena, pues esa petrolera es la empresa m\u00e1s importante, con un aporte al PBG gigantesco. La &#8220;privatizaci\u00f3n&#8221; de la petrolera no ser\u00e1 inmediata, pero en las provincias puede generar un costo pol\u00edtico por anticipado.&nbsp;<\/p>\n\n\n\n<p><strong>Milei<\/strong>&nbsp;dijo que no tocar\u00e1 la coparticipaci\u00f3n, porque adem\u00e1s no puede. La mayor\u00eda de los fondos est\u00e1n blindados por leyes, salvo los ATN y otros recursos discrecionales. Los gobernadores tambi\u00e9n apostar\u00e1n a que el Estado nacional sostenga algunas obras estrat\u00e9gicas, muchas de ellas ya en marcha. Es que el Presidente electo tiene la motosierra preparada para recortar sin pudor las obras p\u00fablicas<\/p>\n\n\n\n<p><strong>Alfredo Cornejo<\/strong>&nbsp;(Mendoza), Carlos Sadir (Jujuy), Maximiliano Pullaro (Santa Fe), Ignacio T\u00f3rrez (Chubut)&nbsp;Leandro Zdero (Chaco), Marcelo Orrego (San Juan) y Claudio Poggi (San Luis) son los confirmados. A ellos se les sumar\u00eda dos que estar\u00e1n m\u00e1s inc\u00f3modos por su pertenencia al Pro:&nbsp;Rogelio Frigerio (gobernador electo de Entre R\u00edos) y Jorge Macri (Jefe de Gobierno electo de la Ciudad&nbsp;de Buenos Aires).<\/p>\n\n\n\n<p>Ante la ausencia de estructura en el frente, los gobernadores &#8220;peronizan&#8221; su estrategia y quieren negociar como bloque federal, no como partido. M\u00e1s all\u00e1 de que son 10 distritos, no todos los legisladores podr\u00edan responder de manera autom\u00e1tica. Pero en total dicen contar con casi 30 legisladores &#8220;propios&#8221;. En le medio hay algunos mandatarios que perdieron fuerza en el Congreso, como&nbsp;<strong>Alfredo Cornejo<\/strong>&nbsp;(la UCR perdi\u00f3 en Mendoza 2 esca\u00f1os). Y otros que tendr\u00e1n como desaf\u00edo principal el frente ultra local, como Maximiliano Pullaro y Rogelio Frigerio, quienes heredar\u00e1n el gobierno de mandatarios de otro partido y con crisis complejas. Sin embargo la idea de actuar en bloque, al menos de manera testimonial, ya es un acuerdo.&nbsp;<\/p>\n\n\n\n<p>No es una idea nueva, pues varios dirigentes ya miraban nuevamente hacia Buenos Aires para influir. Pero lo hac\u00edan con una idea distinta; con la ambici\u00f3n de proyectarse. Hoy, lo har\u00e1n para sobrevivir.\u00a0<\/p>\n\n\n\n<p>FUENTE: Mdzonline.<\/p>\n","protected":false},"excerpt":{"rendered":"<p>Los gobernadores de Juntos por el Cambio buscar\u00e1n una estrategia com\u00fan. Quedaron &#8220;hu\u00e9rfanos&#8221; por la ruptura del frente, pero quieren agruparse para presionar mejor. Juntos por el Cambio&nbsp;a\u00fan no termina su derrumbe. Y en medio de las ruinas pol\u00edticas, los gobernadores que surgieron desde ese espacio buscan pararse para un delicado doble rol: mostrarse con [&hellip;]<\/p>\n","protected":false},"author":2,"featured_media":3192,"comment_status":"open","ping_status":"open","sticky":true,"template":"","format":"standard","meta":[],"categories":[47],"tags":[],"_links":{"self":[{"href":"https:\/\/pasaenmendoza.com\/index.php?rest_route=\/wp\/v2\/posts\/3191"}],"collection":[{"href":"https:\/\/pasaenmendoza.com\/index.php?rest_route=\/wp\/v2\/posts"}],"about":[{"href":"https:\/\/pasaenmendoza.com\/index.php?rest_route=\/wp\/v2\/types\/post"}],"author":[{"embeddable":true,"href":"https:\/\/pasaenmendoza.com\/index.php?rest_route=\/wp\/v2\/users\/2"}],"replies":[{"embeddable":true,"href":"https:\/\/pasaenmendoza.com\/index.php?rest_route=%2Fwp%2Fv2%2Fcomments&post=3191"}],"version-history":[{"count":1,"href":"https:\/\/pasaenmendoza.com\/index.php?rest_route=\/wp\/v2\/posts\/3191\/revisions"}],"predecessor-version":[{"id":3193,"href":"https:\/\/pasaenmendoza.com\/index.php?rest_route=\/wp\/v2\/posts\/3191\/revisions\/3193"}],"wp:featuredmedia":[{"embeddable":true,"href":"https:\/\/pasaenmendoza.com\/index.php?rest_route=\/wp\/v2\/media\/3192"}],"wp:attachment":[{"href":"https:\/\/pasaenmendoza.com\/index.php?rest_route=%2Fwp%2Fv2%2Fmedia&parent=3191"}],"wp:term":[{"taxonomy":"category","embeddable":true,"href":"https:\/\/pasaenmendoza.com\/index.php?rest_route=%2Fwp%2Fv2%2Fcategories&post=3191"},{"taxonomy":"post_tag","embeddable":true,"href":"https:\/\/pasaenmendoza.com\/index.php?rest_route=%2Fwp%2Fv2%2Ftags&post=3191"}],"curies":[{"name":"wp","href":"https:\/\/api.w.org\/{rel}","templated":true}]}}