{"id":3194,"date":"2023-11-22T13:18:06","date_gmt":"2023-11-22T12:18:06","guid":{"rendered":"https:\/\/pasaenmendoza.com\/?p=3194"},"modified":"2023-11-22T13:18:07","modified_gmt":"2023-11-22T12:18:07","slug":"hebe-casado-tras-el-triunfo-de-milei-los-proximos-meses-van-a-ser-muy-duros","status":"publish","type":"post","link":"https:\/\/pasaenmendoza.com\/?p=3194","title":{"rendered":"Hebe Casado, tras el triunfo de Milei: &#8220;Los pr\u00f3ximos meses van a ser muy duros&#8221;"},"content":{"rendered":"\n<p>La vicegobernadora electa de Mendoza se\u00f1al\u00f3 que el resultado electoral le da &#8220;esperanzas&#8221;, aunque vaticin\u00f3 meses muy duros y pidi\u00f3 &#8220;paciencia&#8221;.<\/p>\n\n\n\n<p>El triunfo de\u00a0<strong>Javier Milei<\/strong>\u00a0el domingo pasado en la segunda vuelta contra Sergio Massa fue contundente a nivel nacional, pero sobre todo en algunas provincias. En Mendoza en particular, el libertario obtuvo m\u00e1s del 70% de los votos por ejemplo.<\/p>\n\n\n\n<p><strong>Hebe Casado<\/strong>, vicegobernadora electa, habl\u00f3 este martes y se mostr\u00f3 confiada por el resultado electoral, aunque vaticin\u00f3 \u201cmeses muy duros\u201d.<\/p>\n\n\n\n<p>\u201cHa sido una muy buena elecci\u00f3n la de\u00a0<strong>Milei<\/strong>, hay que reconocerle que gan\u00f3 en gran parte del pa\u00eds y en muchas provincias con un porcentaje muy alto, entre ellas Mendoza\u201d, se\u00f1al\u00f3\u00a0<strong>Casado\u00a0<\/strong>en<em>\u00a0Tardes de Frente<\/em>\u00a0y asegur\u00f3 que a muchos \u201cse nos ha prendido una lamparita de esperanza\u201d.<\/p>\n\n\n\n<p>\u201cDespu\u00e9s de las generales se me hab\u00eda apagado, ve\u00eda todo muy oscuro. A partir de esta elecci\u00f3n se prende esa lucecita que da esperanza de un cambio a nivel nacional, un cambio en el rumbo econ\u00f3mico, social, moral. Esa expectativa es la que tienen todos los que votaron a\u00a0<strong>Milei\u00a0<\/strong>y esperemos que se cumpla\u201d, indic\u00f3.<\/p>\n\n\n\n<p>De todas maneras, adelant\u00f3&nbsp; que \u201clos pr\u00f3ximos meses van a ser muy duros, pero creo que la gente le va a tener paciencia a&nbsp;<strong>Milei<\/strong>\u201d.<\/p>\n\n\n\n<p>\u201cSabemos que este plan platita que dilapid\u00f3 Massa para intentar ganar va a tener consecuencias en la inflaci\u00f3n en los pr\u00f3ximos meses\u201d, advirti\u00f3. \u201cHabr\u00e1 que tenerle paciencia a&nbsp;<strong>Milei<\/strong>, acompa\u00f1arlo en el cargo y esperar que la Argentina empiece a tener un rumbo econ\u00f3mico al que ven\u00edamos teniendo hasta ahora\u201d.<\/p>\n\n\n\n<p>Respecto a lo que se espera a nivel provincial, la compa\u00f1era de f\u00f3rmula de Alfredo Cornejo sostuvo: \u201cEn primer lugar, que corrija lo macroecon\u00f3mico. Mendoza, con una buena macroeconom\u00eda a nivel nacional crece solita; ha hecho los deberes, ha corregido el gasto p\u00fablico, no tiene d\u00e9ficit, es una provincia ordenada. Lo \u00fanico que necesitamos es que se corrija la macroeconom\u00eda del pa\u00eds\u201d.<\/p>\n\n\n\n<p>\u201cQue empiecen con las reformas tributarias y laborales necesarias para que el privado empiece a invertir y dar trabajo genuino. En Mendoza no vivimos del Estado, vivimos del privado. Cuando se les saque el pie de encima, la provincia vuela\u201d, sigui\u00f3.<\/p>\n\n\n\n<p>Y a\u00f1adi\u00f3: \u201cQue se respete el federalismo. Que el reparto no sea discrecional, que sea por el m\u00e9rito\u201d.<\/p>\n\n\n\n<p>En cuanto al rol del PRO dentro del nuevo Gobierno, expres\u00f3: \u201cLos equipos t\u00e9cnicos que trabajaban para Patricia Bullrich esta semana se han puesto a disposici\u00f3n de\u00a0<strong>Milei\u00a0<\/strong>y est\u00e1n teniendo reuniones en conjunto. No podemos hablar de que hayan cargos para el PRO en particular, pero s\u00ed se est\u00e1 hablando de integrar los equipos t\u00e9cnicos a los diferentes ministerios y tomar muchas de las ideas que se hab\u00edan trabajado en los equipos de Patricia\u201d.<\/p>\n\n\n\n<p>FUENTE: Mdzonline.<\/p>\n","protected":false},"excerpt":{"rendered":"<p>La vicegobernadora electa de Mendoza se\u00f1al\u00f3 que el resultado electoral le da &#8220;esperanzas&#8221;, aunque vaticin\u00f3 meses muy duros y pidi\u00f3 &#8220;paciencia&#8221;. El triunfo de\u00a0Javier Milei\u00a0el domingo pasado en la segunda vuelta contra Sergio Massa fue contundente a nivel nacional, pero sobre todo en algunas provincias. En Mendoza en particular, el libertario obtuvo m\u00e1s del 70% [&hellip;]<\/p>\n","protected":false},"author":2,"featured_media":3195,"comment_status":"open","ping_status":"open","sticky":true,"template":"","format":"standard","meta":[],"categories":[47],"tags":[],"_links":{"self":[{"href":"https:\/\/pasaenmendoza.com\/index.php?rest_route=\/wp\/v2\/posts\/3194"}],"collection":[{"href":"https:\/\/pasaenmendoza.com\/index.php?rest_route=\/wp\/v2\/posts"}],"about":[{"href":"https:\/\/pasaenmendoza.com\/index.php?rest_route=\/wp\/v2\/types\/post"}],"author":[{"embeddable":true,"href":"https:\/\/pasaenmendoza.com\/index.php?rest_route=\/wp\/v2\/users\/2"}],"replies":[{"embeddable":true,"href":"https:\/\/pasaenmendoza.com\/index.php?rest_route=%2Fwp%2Fv2%2Fcomments&post=3194"}],"version-history":[{"count":1,"href":"https:\/\/pasaenmendoza.com\/index.php?rest_route=\/wp\/v2\/posts\/3194\/revisions"}],"predecessor-version":[{"id":3196,"href":"https:\/\/pasaenmendoza.com\/index.php?rest_route=\/wp\/v2\/posts\/3194\/revisions\/3196"}],"wp:featuredmedia":[{"embeddable":true,"href":"https:\/\/pasaenmendoza.com\/index.php?rest_route=\/wp\/v2\/media\/3195"}],"wp:attachment":[{"href":"https:\/\/pasaenmendoza.com\/index.php?rest_route=%2Fwp%2Fv2%2Fmedia&parent=3194"}],"wp:term":[{"taxonomy":"category","embeddable":true,"href":"https:\/\/pasaenmendoza.com\/index.php?rest_route=%2Fwp%2Fv2%2Fcategories&post=3194"},{"taxonomy":"post_tag","embeddable":true,"href":"https:\/\/pasaenmendoza.com\/index.php?rest_route=%2Fwp%2Fv2%2Ftags&post=3194"}],"curies":[{"name":"wp","href":"https:\/\/api.w.org\/{rel}","templated":true}]}}