{"id":3197,"date":"2023-11-22T13:22:59","date_gmt":"2023-11-22T12:22:59","guid":{"rendered":"https:\/\/pasaenmendoza.com\/?p=3197"},"modified":"2023-11-22T13:23:00","modified_gmt":"2023-11-22T12:23:00","slug":"la-reconstruccion-del-pj-mendocino-tras-la-pina-del-balotaje","status":"publish","type":"post","link":"https:\/\/pasaenmendoza.com\/?p=3197","title":{"rendered":"La reconstrucci\u00f3n del PJ mendocino tras la \u201cpi\u00f1a\u201d del balotaje"},"content":{"rendered":"\n<p>Tras el \u201cbatacazo\u201d de Javier Milei, el peronismo local comienza a organizar lo que ser\u00e1 su futuro con apuestas a sus intendentes y a la juventud. En el medio, deber\u00e1 elegir a sus presidentes de bloques en la Legislatura.<\/p>\n\n\n\n<p>\u201c<em>Era una pi\u00f1a que la esper\u00e1bamos<\/em>\u201d, expres\u00f3 un referente del peronismo mendocino tras el resultado del balotaje presidencial a nivel nacional. La derrota de<strong>&nbsp;Sergio Massa<\/strong>&nbsp;profundiz\u00f3 la crisis interna que vive acarreando el&nbsp;<strong>Partido Justicialista&nbsp;<\/strong>durante los \u00faltimos a\u00f1os. En la provincia, sus dirigentes ya piensan en lo que ser\u00e1 la reconstrucci\u00f3n del PJ de cara a las pr\u00f3ximas elecciones.<\/p>\n\n\n\n<p>Dos d\u00edas despu\u00e9s de la victoria de<strong>&nbsp;Javier Milei<\/strong>&nbsp;en el balotaje, diferentes figuras del peronismo local se refirieron a lo que fue la derrota de Massa tanto en la provincia como en gran parte del pa\u00eds. A nivel nacional,&nbsp;<mark>el libertario obtuvo el 55.69%, mientras que el actual ministro de Econom\u00eda sac\u00f3 el 44.30%<\/mark>.<\/p>\n\n\n\n<p>\u201c<em>No esper\u00e1bamos esa diferencia, pero s\u00ed intu\u00edamos que Milei pod\u00eda dar el batacazo<\/em>\u201d, confes\u00f3 una figura de peso de\u00a0<strong>La C\u00e1mpora\u00a0<\/strong>mendocina. Mientras que otro dirigente de la misma organizaci\u00f3n revel\u00f3: \u201c<em>Era una pi\u00f1a que la esper\u00e1bamos, pero en Mendoza sab\u00edamos que \u00edbamos a estar cerca del 30%<\/em>\u201d.<\/p>\n\n\n\n<p>Desde hace varios a\u00f1os que Mendoza es una tierra que viene manifest\u00e1ndose en contra de las f\u00f3rmulas peronistas. Ya sea para las elecciones provinciales como nacionales. En el balotaje,&nbsp;<mark>Milei arras\u00f3 con el 71.14%, mientras que Massa obtuvo un 28.85%<\/mark>. A pesar del magro resultado, el PJ creci\u00f3 un 5% a diferencia de los comicios del 22 de octubre.<\/p>\n\n\n\n<p>\u201c<em>A pesar de la diferencia, ac\u00e1 en la provincia crecimos. Es mentira que esper\u00e1bamos un 35%. Nosotros, a comparaci\u00f3n de provincias que ganaron en las generales, crecimos. No nos pueden reprochar nada al peronismo mendocino<\/em>\u201d, deslizaron.<\/p>\n\n\n\n<h2 class=\"wp-block-heading\" id=\"h-autocritica-y-reconstruccion\">Autocr\u00edtica y reconstrucci\u00f3n<strong>&nbsp;<\/strong><\/h2>\n\n\n\n<p>Ya en fr\u00edo, figuras del peronismo analizaron el a\u00f1o electoral que ha vivido el PJ en el que culmin\u00f3 con la derrota de Massa. Para algunos dirigentes es momento que los&nbsp;<mark>intendentes sean los que encabecen un nuevo proyecto pol\u00edtico a nivel provincial<\/mark>&nbsp;pero con cambios de roles protag\u00f3nicos y sobre todo, con&nbsp;<mark>m\u00e1s lugares para la Juventud Peronista<\/mark>.&nbsp;&nbsp;<\/p>\n\n\n\n<p>Puertas adentro, los diferentes sectores del PJ afirman que lo que sucedi\u00f3 el pasado domingo \u201c<em>es un mensaje para toda la pol\u00edtica hasta para los radicales<\/em>\u201d pero que \u201c<em>al peronismo lleg\u00f3 m\u00e1s profundo porque competimos hasta el final<\/em>\u201d.<\/p>\n\n\n\n<p>\u201c<em>Tenemos que analizar que lo que nos dice la sociedad, lo que nos dice la democracia, para poder proyectarnos como una opci\u00f3n en el futuro<\/em>\u201d, dijo el senador provincial,\u00a0<strong>Gerardo Vaquer<\/strong>.<\/p>\n\n\n\n<p>Continuando con la l\u00ednea de la autocr\u00edtica, diferentes figuras coincidieron en que el peronismo tuvo una oportunidad en 2019 y por cuestiones de la pandemia, de la sequ\u00eda y \u201c<em>muchos errores cotidianos<\/em>\u201d producto de decisiones pol\u00edticas y de diferencias internas \u201c<em>se termin\u00f3 en esta situaci\u00f3n<\/em>\u201d.<\/p>\n\n\n\n<p>\u201c<em>Ahora nos queda reconstruirnos hacia adelante, reorganizarnos tanto a nivel nacional como provincial. Debe haber una visi\u00f3n m\u00e1s amplia de los dirigentes donde nuevos perfiles empiecen a ocupar lugares de protagonismo y que le permitan a la sociedad conocerlos<\/em>\u201d, grafic\u00f3<strong>&nbsp;Mauricio Sat<\/strong>, senador provincial.&nbsp;<\/p>\n\n\n\n<p>Desde La C\u00e1mpora, manifestaron: \u201c<em>Somos como el radicalismo que le cost\u00f3 a\u00f1os poder recuperarse de la crisis del 2001. El peronismo es un movimiento que a pesar de sus crisis interna siempre termina resurgiendo. Esto es algo temporal y vamos a volver m\u00e1s fortalecidos que nunca<\/em>\u201d.&nbsp;<\/p>\n\n\n\n<p>Ya de lleno con el futuro del peronismo mendocino, Sat consider\u00f3 que es un momento donde nadie se puede quedar afuera y que los intendentes justicialistas deben ser quienes tomen ese lugar con la construcci\u00f3n de un nuevo proyecto provincial.<\/p>\n\n\n\n<p>\u201c<em>Los intendentes de gestiones exitosas deben ponerla en valor para que el resto de los mendocinos puedan ver que esos proyectos se pueden hacer perfectamente en Mendoza<\/em>\u201d, explay\u00f3 el legislador.<\/p>\n\n\n\n<p>Mientras que Vaquer resalt\u00f3 que el peronismo debe concentrarse en los temas que realmente le interesan a los mendocinos y trabajar en propuestas proactivas para la sociedad. Y consider\u00f3 clave la inclusi\u00f3n de la&nbsp;<strong>Juventud Peronista<\/strong>&nbsp;de cara al futuro.&nbsp;&nbsp;<\/p>\n\n\n\n<p>\u201c<em>Como movimiento pol\u00edtico nos estamos reestructurando en muchos municipios como tambi\u00e9n en la Legislatura. Tenemos que trabajar en cosas serias desde los lugares que ocupamos y eso hacerlo junto a los j\u00f3venes porque tenemos un potencial muy grande en la juventud peronista y es momento de abrirles las puertas. Hay reconstruir desde las bases y desde ah\u00ed el peronismo va a recobrar sus fuerzas<\/em>\u201d, finaliz\u00f3 el senador.<\/p>\n\n\n\n<h2 class=\"wp-block-heading\" id=\"h-presidencias-de-bloques\">Presidencias de bloques<\/h2>\n\n\n\n<p>Este martes asumieron los senadores electos de las elecciones provinciales del 24 de septiembre. El jueves, le tocar\u00e1 el turno a los nuevos diputados. Como es habitual en los recambios legislativos, los partidos que cuentan con representaci\u00f3n en la Legislatura deben elegir presidentes de bloques en ambas c\u00e1maras. El mandato dura un a\u00f1o y el PJ ya mantiene negocios para ver quienes son los responsables.&nbsp;<\/p>\n\n\n\n<p>En diputados la discusi\u00f3n parecer\u00eda estar cerrada y quien continuar\u00eda como presidente de bloque es&nbsp;<strong>Germ\u00e1n G\u00f3mez<\/strong>. El sanrafaelino renueva su banca en la C\u00e1mara Baja y responde directamente al intendente del departamento sure\u00f1o,&nbsp;<strong>Omar Fel\u00edx<\/strong>.<\/p>\n\n\n\n<p>Donde no estar\u00eda cerrado el acuerdo es el senado. En la C\u00e1mara Alta suenan diferentes nombres que de distintas ramas internas del PJ. Quien pica en punta es\u00a0<strong>F\u00e9lix Gonzal\u00e9z<\/strong>, dirigente de confianza de\u00a0<strong>Lucas Ilardo<\/strong>\u00a0y a\u00a0<strong>Anabel Fern\u00e1ndez Sagasti<\/strong>.<\/p>\n\n\n\n<p>Un poco m\u00e1s relajado se encuentra Mauricio Sat, el sanrafaelino que renov\u00f3 su banca, responde a F\u00e9lix y con la confirmaci\u00f3n de G\u00f3mez en diputados no correr\u00eda. Otra figura que suena es&nbsp;<strong>Adriana Cano<\/strong>, pero la candidata a intendente en Las Heras no terminar\u00eda de lograr los consensos necesarios.<\/p>\n\n\n\n<p>\u201c<em>Cualquiera de los 10 senadores del peronismo pueden ser el presidente de bloque. Es algo que lo podemos definir entre nosotros. No hace falta que venga digitado desde arriba, tenemos que aprender de los errores<\/em>\u201d, desliz\u00f3 un legislador peronista.<\/p>\n\n\n\n<p>Todos los bloques tienen tiempo hasta el pr\u00f3ximo martes de presentar a sus presidentes de bloques, salvo que se pida una extensi\u00f3n de la misma. La intenci\u00f3n de los principales referentes del PJ es que&nbsp;<mark>todos los sectores internos queden representados con los cargos a ocupar<\/mark>.<\/p>\n\n\n\n<h2 class=\"wp-block-heading\" id=\"h-resultados-electorales-del-pj-local-durante-el-2023\">Resultados electorales del PJ local durante el 2023<\/h2>\n\n\n\n<p>De todas las elecciones que hubo durante el a\u00f1o electoral, se podr\u00eda decir que el logro m\u00e1s importante que obtuvo el peronismo&nbsp;<mark>fue recuperar la intendencia de Malarg\u00fce<\/mark>&nbsp;de la mano de&nbsp;<strong>Celso Jaque<\/strong>. En cuanto al resto de los comicios, los resultados fueron m\u00e1s que magros.&nbsp;<\/p>\n\n\n\n<p>A nivel provincial, el<strong>\u00a0Frente Eleg\u00ed<\/strong>\u00a0retuvo sus seis intendencias que son\u00a0<mark>Lavalle, Maip\u00fa, La Paz, Santa Rosa, Tunuy\u00e1n, San Rafael, a la que se agreg\u00f3 Malarg\u00fce<\/mark>. En cu\u00e1nto a la gobernaci\u00f3n, el PJ\u00a0<mark>hizo su peor elecci\u00f3n de la historia al terminar en tercer lugar sacando un 14.73%<\/mark>\u00a0con la f\u00f3rmula\u00a0<strong>Omar Parisi<\/strong>\u00a0y Lucas Ilardo. Quedando detr\u00e1s de\u00a0<strong>La Uni\u00f3n Mendocina<\/strong>\u00a0(29.67%) y de\u00a0<strong>Cambia Mendoza<\/strong>\u00a0(39.50%).\u00a0\u00a0\u00a0<\/p>\n\n\n\n<p>Obviamente, los malos resultados en los comicios del 24 de septiembre repercutieron en el reparto de bancas en la Legislatura.&nbsp;<mark>El PJ perdi\u00f3 7 esca\u00f1os en la C\u00e1mara de Diputados<\/mark>, quedando con tan solo 10 lugares. Mientras que en el senado,&nbsp;<mark>pas\u00f3 de tener 14 representantes a 10<\/mark>.&nbsp;&nbsp;<\/p>\n\n\n\n<p>En cuanto a los resultados de las elecciones generales nacionales en Mendoza.&nbsp;<mark>El peronismo la pas\u00f3 mal ya que termin\u00f3 en tercer lugar con un 23.98%<\/mark>, detr\u00e1s de&nbsp;<strong>Patricia Bullrich<\/strong>&nbsp;de Juntos por el Cambio, que obtuvo un 25.85% y de Javier Milei que fue votado por el 42.35% de los mendocinos.&nbsp;<\/p>\n\n\n\n<p>Respecto a las bancas en juego en la<strong>&nbsp;C\u00e1mara de Diputados de la Naci\u00f3n<\/strong>, el peronismo&nbsp;<mark>perdi\u00f3 dos lugares y solo pudo ingresar Mart\u00edn Aveiro<\/mark>. El actual intendente acompa\u00f1ar\u00e1 a&nbsp;<strong>Adolfo Bermejo<\/strong>&nbsp;y a&nbsp;<strong>Liliana Paponet&nbsp;<\/strong>en el Congreso. En cuanto al senado, el PJ solo cuenta con un esca\u00f1o que es ocupado por Anabel Fern\u00e1ndez Sagasti.<\/p>\n\n\n\n<p>Por \u00faltimo, en el\u00a0<strong>balotaje<\/strong>, solo\u00a0<mark>el 28.85% de los mendocinos eligieron a Massa, mientras que el 71.14% decidieron que Milei<\/mark>\u00a0sea el pr\u00f3ximo presidente de los argentinos.<\/p>\n\n\n\n<p>FUENTE: elsol.com.ar <\/p>\n","protected":false},"excerpt":{"rendered":"<p>Tras el \u201cbatacazo\u201d de Javier Milei, el peronismo local comienza a organizar lo que ser\u00e1 su futuro con apuestas a sus intendentes y a la juventud. En el medio, deber\u00e1 elegir a sus presidentes de bloques en la Legislatura. \u201cEra una pi\u00f1a que la esper\u00e1bamos\u201d, expres\u00f3 un referente del peronismo mendocino tras el resultado del [&hellip;]<\/p>\n","protected":false},"author":2,"featured_media":3198,"comment_status":"open","ping_status":"open","sticky":true,"template":"","format":"standard","meta":[],"categories":[47],"tags":[],"_links":{"self":[{"href":"https:\/\/pasaenmendoza.com\/index.php?rest_route=\/wp\/v2\/posts\/3197"}],"collection":[{"href":"https:\/\/pasaenmendoza.com\/index.php?rest_route=\/wp\/v2\/posts"}],"about":[{"href":"https:\/\/pasaenmendoza.com\/index.php?rest_route=\/wp\/v2\/types\/post"}],"author":[{"embeddable":true,"href":"https:\/\/pasaenmendoza.com\/index.php?rest_route=\/wp\/v2\/users\/2"}],"replies":[{"embeddable":true,"href":"https:\/\/pasaenmendoza.com\/index.php?rest_route=%2Fwp%2Fv2%2Fcomments&post=3197"}],"version-history":[{"count":1,"href":"https:\/\/pasaenmendoza.com\/index.php?rest_route=\/wp\/v2\/posts\/3197\/revisions"}],"predecessor-version":[{"id":3199,"href":"https:\/\/pasaenmendoza.com\/index.php?rest_route=\/wp\/v2\/posts\/3197\/revisions\/3199"}],"wp:featuredmedia":[{"embeddable":true,"href":"https:\/\/pasaenmendoza.com\/index.php?rest_route=\/wp\/v2\/media\/3198"}],"wp:attachment":[{"href":"https:\/\/pasaenmendoza.com\/index.php?rest_route=%2Fwp%2Fv2%2Fmedia&parent=3197"}],"wp:term":[{"taxonomy":"category","embeddable":true,"href":"https:\/\/pasaenmendoza.com\/index.php?rest_route=%2Fwp%2Fv2%2Fcategories&post=3197"},{"taxonomy":"post_tag","embeddable":true,"href":"https:\/\/pasaenmendoza.com\/index.php?rest_route=%2Fwp%2Fv2%2Ftags&post=3197"}],"curies":[{"name":"wp","href":"https:\/\/api.w.org\/{rel}","templated":true}]}}