{"id":3200,"date":"2023-11-22T13:28:46","date_gmt":"2023-11-22T12:28:46","guid":{"rendered":"https:\/\/pasaenmendoza.com\/?p=3200"},"modified":"2023-11-22T13:28:47","modified_gmt":"2023-11-22T12:28:47","slug":"lombardi-sobre-janina-ortiz-una-persona-de-bien-deberia-deponer-los-fueros","status":"publish","type":"post","link":"https:\/\/pasaenmendoza.com\/?p=3200","title":{"rendered":"Lombardi sobre Janina Ortiz: &#8220;Una persona de bien deber\u00eda deponer los fueros&#8221;"},"content":{"rendered":"\n<p>Este jueves jurar\u00e1n los nuevos diputados mendocinos que fueron elegidos el 24 de septiembre. Una de las legisladoras que gan\u00f3 una banca es\u00a0<strong>Janina Ortiz<\/strong>, la secretaria de Gobierno de la Municipalidad de Las Heras, quien es investigada por\u00a0administraci\u00f3n fraudulenta\u00a0y encubrimiento de un\u00a0abuso sexual, pero gracias a los fueros que le corresponden por ser diputada electa, no fue imputada.<\/p>\n\n\n\n<p>Sobre esto opin\u00f3 este mi\u00e9rcoles el presidente de la C\u00e1mara baja,\u00a0<strong>Andr\u00e9s &#8220;Peti&#8221; Lombardi<\/strong>:<\/p>\n\n\n\n<p>&#8220;Es un caso raro&#8221;, asegur\u00f3 Lombardi. La situaci\u00f3n de Ortiz fue debatida este martes por la Comisi\u00f3n Especial de Poderes, que resolvi\u00f3 dos despachos al respecto. Uno de ellos, en mayor\u00eda habilit\u00f3 que asuma como diputada el pr\u00f3ximo jueves. El otro, en minor\u00eda, solicit\u00f3 suspender la asunci\u00f3n hasta resolver la situaci\u00f3n.<\/p>\n\n\n\n<p>Antes de la jura de los diputados electos, el pr\u00f3ximo jueves, el cuerpo actual de Diputados votar\u00e1 ambos despachos y se definir\u00e1 si Ortiz est\u00e1 en condiciones de ocupar su banca.<\/p>\n\n\n\n<p>&#8220;Con el apoyo del kirchnerismo y de La Uni\u00f3n Mendocina, ella tuvo un despacho de mayor\u00eda que le permitir\u00eda asumir&#8221;, apunt\u00f3 el presidente de la UCR Mendoza. &#8220;Hay que decidir claramente si tiene fueros o no para que la Justicia pueda seguir avanzando. M\u00e1s all\u00e1 de que esto es una cuesti\u00f3n jur\u00eddica y legal, yo creo que cualquier persona de bien deber\u00eda presentarse ante la Justicia y deponer los fueros que en este caso le permiten bloquear la investigaci\u00f3n judicial de causas penales, que no son causas menores&#8221;, justific\u00f3 el diputado.<\/p>\n\n\n\n<p>En el caso de que efectivamente Ortiz asuma este jueves, el proceso de de desafuero seguir\u00e1 su curso, agreg\u00f3 Lombardi. &#8220;No es alguien que tenga voluntad de cooperaci\u00f3n con la Justicia&#8221;, remarc\u00f3.<\/p>\n\n\n\n<p>Si bien el partido que ahora conduce Lombardi se hab\u00eda declarado neutral de cara al balotaje que gan\u00f3\u00a0Javier Milei, el ala cornejista tuvo gestos impl\u00edcitos hacia el libertario. Consumada la victoria de La Libertad Avanza, Lombardi se\u00f1al\u00f3: &#8220;Creo que la sociedad argentina fue clara. Hay un hartazgo a un modelo prebendario, asistencialista, que no premia el esfuerzo, que es un modelo que nos viene empobreciendo d\u00eda a d\u00eda&#8221;.\u00a0<\/p>\n\n\n\n<p>&#8220;Era muy dif\u00edcil que un ministro de Econom\u00eda con 150% de inflaci\u00f3n y 41% de la poblaci\u00f3n por debajo de la l\u00ednea de pobreza pudiera plantear algo distinto. Creo que hay una sensaci\u00f3n y un esp\u00edritu de cambio que se expres\u00f3 el domingo en las urnas y termin\u00f3 eligiendo como presidente a Javier Milei&#8221;, a\u00f1adi\u00f3.<\/p>\n\n\n\n<p>Sobre c\u00f3mo impactar\u00e1 en la provincia el gobierno nacional que asumir\u00e1 el 10 de diciembre, Lombardi asegur\u00f3 que &#8220;a Mendoza, una provincia ordenada presupuestariamente, le va a ir mejor si mejoran las variables macroecon\u00f3micas. Peor que como le ha ido con Alberto Fern\u00e1ndez, con quien no hemos recibido m\u00e1s que fondos discrecionales y alguna muy peque\u00f1a ayuda econ\u00f3mica, no le va a ir&#8221;.<\/p>\n\n\n\n<p>FUENTE: Mendozapost.<\/p>\n","protected":false},"excerpt":{"rendered":"<p>Este jueves jurar\u00e1n los nuevos diputados mendocinos que fueron elegidos el 24 de septiembre. Una de las legisladoras que gan\u00f3 una banca es\u00a0Janina Ortiz, la secretaria de Gobierno de la Municipalidad de Las Heras, quien es investigada por\u00a0administraci\u00f3n fraudulenta\u00a0y encubrimiento de un\u00a0abuso sexual, pero gracias a los fueros que le corresponden por ser diputada electa, [&hellip;]<\/p>\n","protected":false},"author":2,"featured_media":3201,"comment_status":"open","ping_status":"open","sticky":true,"template":"","format":"standard","meta":[],"categories":[47],"tags":[],"_links":{"self":[{"href":"https:\/\/pasaenmendoza.com\/index.php?rest_route=\/wp\/v2\/posts\/3200"}],"collection":[{"href":"https:\/\/pasaenmendoza.com\/index.php?rest_route=\/wp\/v2\/posts"}],"about":[{"href":"https:\/\/pasaenmendoza.com\/index.php?rest_route=\/wp\/v2\/types\/post"}],"author":[{"embeddable":true,"href":"https:\/\/pasaenmendoza.com\/index.php?rest_route=\/wp\/v2\/users\/2"}],"replies":[{"embeddable":true,"href":"https:\/\/pasaenmendoza.com\/index.php?rest_route=%2Fwp%2Fv2%2Fcomments&post=3200"}],"version-history":[{"count":1,"href":"https:\/\/pasaenmendoza.com\/index.php?rest_route=\/wp\/v2\/posts\/3200\/revisions"}],"predecessor-version":[{"id":3202,"href":"https:\/\/pasaenmendoza.com\/index.php?rest_route=\/wp\/v2\/posts\/3200\/revisions\/3202"}],"wp:featuredmedia":[{"embeddable":true,"href":"https:\/\/pasaenmendoza.com\/index.php?rest_route=\/wp\/v2\/media\/3201"}],"wp:attachment":[{"href":"https:\/\/pasaenmendoza.com\/index.php?rest_route=%2Fwp%2Fv2%2Fmedia&parent=3200"}],"wp:term":[{"taxonomy":"category","embeddable":true,"href":"https:\/\/pasaenmendoza.com\/index.php?rest_route=%2Fwp%2Fv2%2Fcategories&post=3200"},{"taxonomy":"post_tag","embeddable":true,"href":"https:\/\/pasaenmendoza.com\/index.php?rest_route=%2Fwp%2Fv2%2Ftags&post=3200"}],"curies":[{"name":"wp","href":"https:\/\/api.w.org\/{rel}","templated":true}]}}