{"id":3206,"date":"2023-11-22T14:02:11","date_gmt":"2023-11-22T13:02:11","guid":{"rendered":"https:\/\/pasaenmendoza.com\/?p=3206"},"modified":"2023-11-22T14:02:11","modified_gmt":"2023-11-22T13:02:11","slug":"el-mecanico-asesinado-en-las-heras-y-la-teoria-de-un-ataque-planeado-por-un-conocido","status":"publish","type":"post","link":"https:\/\/pasaenmendoza.com\/?p=3206","title":{"rendered":"El mec\u00e1nico asesinado en Las Heras y la teor\u00eda de un ataque planeado por un conocido"},"content":{"rendered":"\n<p><strong>Diego C\u00e9spedes Ortiz&nbsp;<\/strong>(54) fue encontrado muerto el jueves en su taller de Las Heras por un hombre que lo frecuentaba diariamente. El testigo, que se movilizaba en una silla de ruedas, fue quien llam\u00f3 al 911 y dijo que su amigo se hab\u00eda quitado la vida en su casa del barrio&nbsp;<strong>Solares del Borboll\u00f3n<\/strong>. El caso comenz\u00f3 a trabajarse como un suicidio por esa comunicaci\u00f3n a la l\u00ednea de emergencias, pero, con el paso de las horas,&nbsp;<mark>Polic\u00eda Cient\u00edfica confirm\u00f3 que se trataba de un asesinato.<\/mark><\/p>\n\n\n\n<p><strong>C\u00e9spedes Ortiz<\/strong>\u00a0presentaba una importante lesi\u00f3n con sangrado en la cabeza. Lo hab\u00edan golpeado con un elemento met\u00e1lico \u2013podr\u00eda ser el repuesto de un auto\u2013 y el diagn\u00f3stico inicial confirm\u00f3 corte en la nuca con\u00a0<strong>traumatismo de cr\u00e1neo.<\/strong><\/p>\n\n\n\n<p>El caso qued\u00f3 en manos del\u00a0<strong>fiscal de Homicidios Carlos Torres<\/strong>, y efectivos de Investigaciones comenzaron a sumar pruebas en la causa. En las \u00faltimas horas, trascendieron una serie de datos que podr\u00edan estar relacionados con el m\u00f3vil del hecho.\u00a0<mark>Los pesquisas apuntan a alguien del c\u00edrculo \u00edntimo C\u00e9spedes Ortiz<\/mark>\u00a0como autor del ataque y al\u00a0<strong>posible robo de dinero<\/strong>\u00a0que habr\u00eda cobrado en los \u00faltimos tiempos.<\/p>\n\n\n\n<p>Fuentes judiciales y policiales detallaron que el hombre ultimado viv\u00eda solo en el lugar. Un hijo, con quien no habr\u00eda tenido una buena relaci\u00f3n, de acuerdo con lo aportado por el testigo,&nbsp;<strong>hab\u00eda viajado a Espa\u00f1a un par de d\u00edas antes para radicarse en ese pa\u00eds<\/strong>.<\/p>\n\n\n\n<p>Al parecer,\u00a0<mark>C\u00e9spedes Ortiz pas\u00f3 las \u00faltimas horas antes de ser asesinado con una persona que conoc\u00eda<\/mark>. La propiedad no presentaba puertas o ventanas violentadas y, por eso, la\u00a0<strong>teor\u00eda de un hecho de inseguridad tipo asalto fue descartada\u00a0<\/strong>en los primeros informes. A lo que s\u00ed apuntan es a que el homicida sab\u00eda de la existencia de dinero (no era mucho y las fuentes pidieron reserva sobre la cantidad) que guardaba la v\u00edctima.<\/p>\n\n\n\n<p>Por eso estiman que, despu\u00e9s de pasar algunas horas juntos, el matador tom\u00f3 un elemento<strong>&nbsp;met\u00e1lico macizo<\/strong>&nbsp;del taller y golpe\u00f3 al mec\u00e1nico cuando se encontraba de espaldas.&nbsp;<em>\u201cPodr\u00eda tratarse de un caso de homicidio por alevos\u00eda, ya que la v\u00edctima no tuvo opci\u00f3n de defenderse\u201d<\/em>, destacaron las fuentes consultadas.<\/p>\n\n\n\n<p>Perpetrado el crimen, el autor fue en b\u00fasqueda del dinero y revis\u00f3 algunos sectores particulares de la propiedad. Los investigadores realizaron una reconstrucci\u00f3n y analizaron todos los rastros que levantaron.<\/p>\n\n\n\n<p>As\u00ed las cosas, los polic\u00edas de la Divisi\u00f3n Homicidios y el fiscal Torres entienden que la causa podr\u00eda llegar a presentar detenidos en un tiempo no muy lejano, una vez que contin\u00faen los trabajos de an\u00e1lisis de pruebas y se profundicen algunas medidas relacionadas con peritajes.<\/p>\n\n\n\n<p><strong>El crimen del mec\u00e1nico de Las Heras<\/strong><\/p>\n\n\n\n<p>La historia del asesinato en el taller ubicado en la manzana C lote 24 del barrio&nbsp;<strong>Solares del Borboll\u00f3n<\/strong>&nbsp;comenz\u00f3 a escribirse tras un llamado al CEO minutos despu\u00e9s de las 18. Un hombre alert\u00f3 sobre la muerte de un amigo que frecuentaba diariamente en el predio.<\/p>\n\n\n\n<p>El testigo dijo que hall\u00f3 a\u00a0<mark>Diego C\u00e9spedes Ortiz lleno de sangre en uno de los sectores del domicilio<\/mark>. Los primeros polic\u00edas desplazados hasta la escena contaron que entrevistaron al hombre que hizo el llamado, quien se encontraba en silla de ruedas, y cont\u00f3 que la \u00faltima vez que lo hab\u00eda visto hab\u00eda sido el mi\u00e9rcoles por la tarde.<\/p>\n\n\n\n<p>Asegur\u00f3 que se hab\u00eda tratado de un suicidio porque&nbsp;<mark>C\u00e9spedes Ortiz se encontraba depresivo por problemas de consumo de drogas y conflictos con un hijo que se hab\u00eda mudado hac\u00eda pocos d\u00edas a Espa\u00f1a<\/mark>.<\/p>\n\n\n\n<p>Lo cierto es que&nbsp;<strong>Polic\u00eda Cient\u00edfica trabaj\u00f3 en el teatro del hecho y confirm\u00f3 que el hombre nacido el 8 de junio de 1969 presentaba al menos dos lesiones en la cabeza<\/strong>. El elemento utilizado para atacarlo se encontraba en el lugar y fue secuestrado.<\/p>\n\n\n\n<p>Con estas pruebas, m\u00e1s el an\u00e1lisis que se realiz\u00f3 en la propiedad, concluyeron que C\u00e9spedes fue atacado por alguien que pas\u00f3 la noche con \u00e9l y que conoc\u00eda sobre sus movimientos de dinero.<\/p>\n\n\n\n<p><strong>Fuente: www.elsol.com.ar<\/strong><\/p>\n","protected":false},"excerpt":{"rendered":"<p>Diego C\u00e9spedes Ortiz&nbsp;(54) fue encontrado muerto el jueves en su taller de Las Heras por un hombre que lo frecuentaba diariamente. El testigo, que se movilizaba en una silla de ruedas, fue quien llam\u00f3 al 911 y dijo que su amigo se hab\u00eda quitado la vida en su casa del barrio&nbsp;Solares del Borboll\u00f3n. El caso [&hellip;]<\/p>\n","protected":false},"author":2,"featured_media":3207,"comment_status":"open","ping_status":"open","sticky":false,"template":"","format":"standard","meta":[],"categories":[48],"tags":[],"_links":{"self":[{"href":"https:\/\/pasaenmendoza.com\/index.php?rest_route=\/wp\/v2\/posts\/3206"}],"collection":[{"href":"https:\/\/pasaenmendoza.com\/index.php?rest_route=\/wp\/v2\/posts"}],"about":[{"href":"https:\/\/pasaenmendoza.com\/index.php?rest_route=\/wp\/v2\/types\/post"}],"author":[{"embeddable":true,"href":"https:\/\/pasaenmendoza.com\/index.php?rest_route=\/wp\/v2\/users\/2"}],"replies":[{"embeddable":true,"href":"https:\/\/pasaenmendoza.com\/index.php?rest_route=%2Fwp%2Fv2%2Fcomments&post=3206"}],"version-history":[{"count":1,"href":"https:\/\/pasaenmendoza.com\/index.php?rest_route=\/wp\/v2\/posts\/3206\/revisions"}],"predecessor-version":[{"id":3208,"href":"https:\/\/pasaenmendoza.com\/index.php?rest_route=\/wp\/v2\/posts\/3206\/revisions\/3208"}],"wp:featuredmedia":[{"embeddable":true,"href":"https:\/\/pasaenmendoza.com\/index.php?rest_route=\/wp\/v2\/media\/3207"}],"wp:attachment":[{"href":"https:\/\/pasaenmendoza.com\/index.php?rest_route=%2Fwp%2Fv2%2Fmedia&parent=3206"}],"wp:term":[{"taxonomy":"category","embeddable":true,"href":"https:\/\/pasaenmendoza.com\/index.php?rest_route=%2Fwp%2Fv2%2Fcategories&post=3206"},{"taxonomy":"post_tag","embeddable":true,"href":"https:\/\/pasaenmendoza.com\/index.php?rest_route=%2Fwp%2Fv2%2Ftags&post=3206"}],"curies":[{"name":"wp","href":"https:\/\/api.w.org\/{rel}","templated":true}]}}