{"id":3218,"date":"2023-11-22T14:28:40","date_gmt":"2023-11-22T13:28:40","guid":{"rendered":"https:\/\/pasaenmendoza.com\/?p=3218"},"modified":"2023-11-22T14:28:41","modified_gmt":"2023-11-22T13:28:41","slug":"la-suprema-corte-de-justicia-elige-presidente-hasta-2025-y-garay-se-encamina-a-la-reeleccion","status":"publish","type":"post","link":"https:\/\/pasaenmendoza.com\/?p=3218","title":{"rendered":"La Suprema Corte de Justicia elige presidente hasta 2025 y Garay se encamina a la reelecci\u00f3n"},"content":{"rendered":"\n<p>La\u00a0<strong>Suprema Corte de Justicia de Mendoza<\/strong>\u00a0tiene previsto elegir presidente en los pr\u00f3ximos d\u00edas en un c\u00f3nclave de repetido\u00a0<strong>alto voltaje pol\u00edtico<\/strong>\u00a0entre jueces radicales y peronistas.<\/p>\n\n\n\n<p>El llamado a elecciones es inminente. Ser\u00eda para este jueves o la semana pr\u00f3xima.<\/p>\n\n\n\n<p><strong>\u00bfAparecer\u00e1 un rival ante la eventual postulaci\u00f3n de Dalmiro Garay?<\/strong><\/p>\n\n\n\n<p><strong>El elegido deber\u00e1 contar con 5 de los 7 votos en pugna<\/strong>, seg\u00fan una ley de 2022 que dej\u00f3 atr\u00e1s la hist\u00f3rica definici\u00f3n por mayor\u00eda simple y neutraliz\u00f3 el autom\u00e1tica 4 a 3 que el radicalismo ostent\u00f3 durante los \u00faltimos a\u00f1os.<\/p>\n\n\n\n<p>ste nuevo mecanismo prev\u00e9&nbsp;<strong>dos posibles rondas de votaci\u00f3n<\/strong>&nbsp;en caso de empate y&nbsp;<strong>obliga al radicalismo a conquistar al menos uno de los votos peronistas<\/strong>.<\/p>\n\n\n\n<p>Pero si no se arriba al exigido 5 a 2, la definici\u00f3n ser\u00e1 por&nbsp;<strong>mayor\u00eda simple en la tercera ronda<\/strong>.<\/p>\n\n\n\n<h2 class=\"wp-block-heading\">El elecci\u00f3n del presidente de la Suprema Corte hasta 2025<\/h2>\n\n\n\n<p><strong>Dalmiro Garay<\/strong>, quien lleg\u00f3 a la Corte de la mano de&nbsp;<strong>Alfredo Cornejo<\/strong>, termina su mandato esta semana y todo indica que buscar\u00e1 revalidarlo hasta 2025.<\/p>\n\n\n\n<p>Hasta \u00faltima hora persistir\u00e1 una inc\u00f3gnita:<strong>&nbsp;si le aparecer\u00e1 o no un rival<\/strong>. Y en este sentido todas las miradas est\u00e1n puestas sobre&nbsp;<strong>Jos\u00e9 Valerio<\/strong>, como hace dos a\u00f1os.<\/p>\n\n\n\n<p>Son horas de&nbsp;<strong>intensas negociaciones en el cuarto piso de los Tribunales provinciales<\/strong>, donde est\u00e1n situados los despachos de Garay y los dem\u00e1s supremos:&nbsp;<strong>Valerio, Teresa Day, Pedro Llorente -integrantes del ala radical- y los peronistas Omar Palermo, Mario Adaro y Julio G\u00f3mez.<\/strong><\/p>\n\n\n\n<p>Del c\u00f3nclave participar\u00e1n s\u00f3lo los 7 magistrados y cualquiera de ellos podr\u00e1 autopostularse.<\/p>\n\n\n\n<p>Se descuenta que no lo har\u00e1n Llorente ni Day, concentrada en la gesti\u00f3n del fuero de Familia y la presidencia del Consejo de la Magistratura. As\u00ed, del ala radical&nbsp;<strong>quedar\u00edan en carrera Garay y Valerio<\/strong>.<\/p>\n\n\n\n<p>Desde el peronismo hay una postura clara, que Adaro ha hecho saber:&nbsp;<strong>la presidencia de la Suprema Corte de Justicia debe ser rotativa aunque no obligatoria<\/strong>&nbsp;-a quien le corresponda podr\u00eda rechazarla- y el mandato debe durar un a\u00f1o, &#8220;porque el actual modelo de elecci\u00f3n est\u00e1 en crisis&#8221;.<\/p>\n\n\n\n<p><strong>&#8220;Como instituci\u00f3n democr\u00e1tica desde la Suprema Corte de Justicia perdimos la oportunidad de fijar este mecanismo rotativo en la ley de reforma de funcionamiento. Lo aplican Chile y R\u00edo Negro, entre otros estados&#8221;<\/strong><\/p>\n\n\n\n<p>En caso de llamarse a elecciones para esta semana, el palmirense anticip\u00f3 que\u00a0<strong>no participar\u00e1 de la reuni\u00f3n de Corte\u00a0<\/strong>porque desde este martes tiene a cargo\u00a0<strong>gestiones institucionales en Buenos Aires<\/strong>\u00a0y en\u00a0<strong>Ushuaia\u00a0<\/strong>asistir\u00e1, el jueves y viernes, a las Jornadas Cient\u00edficas de la Magistratura y la Funci\u00f3n Judicial.<\/p>\n\n\n\n<h2 class=\"wp-block-heading\">De sucesor de Nanclares a una posible reelecci\u00f3n<\/h2>\n\n\n\n<p><strong>Dalmiro Garay<\/strong>&nbsp;lleg\u00f3 a la presidencia de la Corte en 2021 para terminar, en noviembre de ese a\u00f1o, el mandato que hab\u00eda dejado inconcluso&nbsp;<strong>Jorge Nanclares<\/strong>&nbsp;por jubilaci\u00f3n.<\/p>\n\n\n\n<p>Tras intensas negociaciones,<strong>\u00a0Garay fue electo presidente de la Corte por unanimidad el 25 de noviembre de 2021<\/strong>, mandato que culmina esta semana.<\/p>\n\n\n\n<p><strong>Fuente: www.diariouno.com.ar<\/strong><\/p>\n","protected":false},"excerpt":{"rendered":"<p>La\u00a0Suprema Corte de Justicia de Mendoza\u00a0tiene previsto elegir presidente en los pr\u00f3ximos d\u00edas en un c\u00f3nclave de repetido\u00a0alto voltaje pol\u00edtico\u00a0entre jueces radicales y peronistas. El llamado a elecciones es inminente. Ser\u00eda para este jueves o la semana pr\u00f3xima. \u00bfAparecer\u00e1 un rival ante la eventual postulaci\u00f3n de Dalmiro Garay? El elegido deber\u00e1 contar con 5 de [&hellip;]<\/p>\n","protected":false},"author":2,"featured_media":3216,"comment_status":"open","ping_status":"open","sticky":false,"template":"","format":"standard","meta":[],"categories":[60],"tags":[],"_links":{"self":[{"href":"https:\/\/pasaenmendoza.com\/index.php?rest_route=\/wp\/v2\/posts\/3218"}],"collection":[{"href":"https:\/\/pasaenmendoza.com\/index.php?rest_route=\/wp\/v2\/posts"}],"about":[{"href":"https:\/\/pasaenmendoza.com\/index.php?rest_route=\/wp\/v2\/types\/post"}],"author":[{"embeddable":true,"href":"https:\/\/pasaenmendoza.com\/index.php?rest_route=\/wp\/v2\/users\/2"}],"replies":[{"embeddable":true,"href":"https:\/\/pasaenmendoza.com\/index.php?rest_route=%2Fwp%2Fv2%2Fcomments&post=3218"}],"version-history":[{"count":1,"href":"https:\/\/pasaenmendoza.com\/index.php?rest_route=\/wp\/v2\/posts\/3218\/revisions"}],"predecessor-version":[{"id":3219,"href":"https:\/\/pasaenmendoza.com\/index.php?rest_route=\/wp\/v2\/posts\/3218\/revisions\/3219"}],"wp:featuredmedia":[{"embeddable":true,"href":"https:\/\/pasaenmendoza.com\/index.php?rest_route=\/wp\/v2\/media\/3216"}],"wp:attachment":[{"href":"https:\/\/pasaenmendoza.com\/index.php?rest_route=%2Fwp%2Fv2%2Fmedia&parent=3218"}],"wp:term":[{"taxonomy":"category","embeddable":true,"href":"https:\/\/pasaenmendoza.com\/index.php?rest_route=%2Fwp%2Fv2%2Fcategories&post=3218"},{"taxonomy":"post_tag","embeddable":true,"href":"https:\/\/pasaenmendoza.com\/index.php?rest_route=%2Fwp%2Fv2%2Ftags&post=3218"}],"curies":[{"name":"wp","href":"https:\/\/api.w.org\/{rel}","templated":true}]}}