{"id":3220,"date":"2023-11-22T14:45:24","date_gmt":"2023-11-22T13:45:24","guid":{"rendered":"https:\/\/pasaenmendoza.com\/?p=3220"},"modified":"2023-11-22T14:45:25","modified_gmt":"2023-11-22T13:45:25","slug":"el-gobierno-nacional-amplio-el-presupuesto-2023-para-reforzar-las-areas-de-salud-y-desarrollo-social","status":"publish","type":"post","link":"https:\/\/pasaenmendoza.com\/?p=3220","title":{"rendered":"El Gobierno nacional ampli\u00f3 el Presupuesto 2023 para reforzar las \u00e1reas de Salud y Desarrollo Social"},"content":{"rendered":"\n<p>El Gobierno Nacional dispuso una nueva<strong>\u00a0ampliaci\u00f3n del\u00a0Presupuesto<\/strong>\u00a0vigente para los fondos destinados al\u00a0<strong>Ministerio de Salud<\/strong>\u00a0y al\u00a0<strong>Ministerio de Desarrollo Social.<\/strong><\/p>\n\n\n\n<p>La medida fue comunicada este martes a trav\u00e9s de las decisiones administrativas 886 y 887\/2023 del Bolet\u00edn Oficial y lleva la firma del jefe de Gabinete,&nbsp;<strong>Agust\u00edn Rossi<\/strong>, y del ministro de Econom\u00eda,&nbsp;<strong>Sergio Massa<\/strong>, compa\u00f1eros de la f\u00f3rmula presidencial, por el oficialismo, que&nbsp;<strong>perdi\u00f3 el balotaje el pasado domingo<\/strong>.<\/p>\n\n\n\n<p>En contraste, el presidente electo,&nbsp;<strong>Javier Milei<\/strong>, ya anticip\u00f3 que realizar\u00e1 una&nbsp;<strong>pol\u00edtica de shock<\/strong>&nbsp;para recortar gastos estatales, lo que ha generado alguna inquietud en organizaciones sociales y referentes de barrios populares.<\/p>\n\n\n\n<h2 class=\"wp-block-heading\">La ampliaci\u00f3n de los fondos<\/h2>\n\n\n\n<p>La actualizaci\u00f3n de los fondos destinados a<strong>\u00a0Salud representan una suba de m\u00e1s de $33.000 millones, en tanto que la de Desarrollo Social equivale a un aumento de m\u00e1s de $14.000 millones.<\/strong><\/p>\n\n\n\n<p>Los considerandos de las Decisiones gubernamentales argumentaron &#8220;que corresponde adecuar el presupuesto de la Administraci\u00f3n P\u00fablica Nacional con el objeto de&nbsp;<strong>afrontar gastos impostergables para su normal funcionamiento<\/strong>&#8220;.<\/p>\n\n\n\n<p>En el caso de la cartera sanitaria, que conduce&nbsp;<strong>Carla Vizzotti<\/strong>, el aumento estipulado tendr\u00e1 &#8220;el fin de sostener las Ayudas Sociales a Personas y Asignaciones Familiares en el marco del Programa Nacional de Fortalecimiento de los Equipos de Salud para la Calidad y la Seguridad (FESCAS)&#8221;, explic\u00f3 el documento oficial.<\/p>\n\n\n\n<p>Por otro lado, el ministerio comandado por\u00a0<strong>Victoria Tolosa Paz<\/strong>\u00a0destinar\u00e1 el incremento del presupuesto a los Programas del \u00e1rea, el Abordaje Territorial, las Pol\u00edticas Alimentarias y las Acciones de Abordaje Integral Comunitaria que tiene a su cargo.<\/p>\n\n\n\n<p><strong>Fuente: www.diariouno.com.ar<\/strong><\/p>\n","protected":false},"excerpt":{"rendered":"<p>El Gobierno Nacional dispuso una nueva\u00a0ampliaci\u00f3n del\u00a0Presupuesto\u00a0vigente para los fondos destinados al\u00a0Ministerio de Salud\u00a0y al\u00a0Ministerio de Desarrollo Social. La medida fue comunicada este martes a trav\u00e9s de las decisiones administrativas 886 y 887\/2023 del Bolet\u00edn Oficial y lleva la firma del jefe de Gabinete,&nbsp;Agust\u00edn Rossi, y del ministro de Econom\u00eda,&nbsp;Sergio Massa, compa\u00f1eros de la f\u00f3rmula [&hellip;]<\/p>\n","protected":false},"author":2,"featured_media":3221,"comment_status":"open","ping_status":"open","sticky":false,"template":"","format":"standard","meta":[],"categories":[75],"tags":[],"_links":{"self":[{"href":"https:\/\/pasaenmendoza.com\/index.php?rest_route=\/wp\/v2\/posts\/3220"}],"collection":[{"href":"https:\/\/pasaenmendoza.com\/index.php?rest_route=\/wp\/v2\/posts"}],"about":[{"href":"https:\/\/pasaenmendoza.com\/index.php?rest_route=\/wp\/v2\/types\/post"}],"author":[{"embeddable":true,"href":"https:\/\/pasaenmendoza.com\/index.php?rest_route=\/wp\/v2\/users\/2"}],"replies":[{"embeddable":true,"href":"https:\/\/pasaenmendoza.com\/index.php?rest_route=%2Fwp%2Fv2%2Fcomments&post=3220"}],"version-history":[{"count":1,"href":"https:\/\/pasaenmendoza.com\/index.php?rest_route=\/wp\/v2\/posts\/3220\/revisions"}],"predecessor-version":[{"id":3222,"href":"https:\/\/pasaenmendoza.com\/index.php?rest_route=\/wp\/v2\/posts\/3220\/revisions\/3222"}],"wp:featuredmedia":[{"embeddable":true,"href":"https:\/\/pasaenmendoza.com\/index.php?rest_route=\/wp\/v2\/media\/3221"}],"wp:attachment":[{"href":"https:\/\/pasaenmendoza.com\/index.php?rest_route=%2Fwp%2Fv2%2Fmedia&parent=3220"}],"wp:term":[{"taxonomy":"category","embeddable":true,"href":"https:\/\/pasaenmendoza.com\/index.php?rest_route=%2Fwp%2Fv2%2Fcategories&post=3220"},{"taxonomy":"post_tag","embeddable":true,"href":"https:\/\/pasaenmendoza.com\/index.php?rest_route=%2Fwp%2Fv2%2Ftags&post=3220"}],"curies":[{"name":"wp","href":"https:\/\/api.w.org\/{rel}","templated":true}]}}