{"id":3229,"date":"2023-11-23T13:16:14","date_gmt":"2023-11-23T12:16:14","guid":{"rendered":"https:\/\/pasaenmendoza.com\/?p=3229"},"modified":"2023-11-23T13:16:15","modified_gmt":"2023-11-23T12:16:15","slug":"las-dos-malas-noticias-que-milei-confirmo-para-mendoza","status":"publish","type":"post","link":"https:\/\/pasaenmendoza.com\/?p=3229","title":{"rendered":"Las dos malas noticias que Milei confirm\u00f3 para Mendoza"},"content":{"rendered":"\n<p>Los \u00faltimos anuncios de Javier Milei sobre obra p\u00fablica e Impuesto a las Ganancias ponen al pr\u00f3ximo gobierno provincial en alerta.<\/p>\n\n\n\n<p>Faltan 17 d\u00edas para que\u00a0<strong>Javier Milei<\/strong>\u00a0asuma como nuevo presidente de los argentinos, pero el libertario ya comenz\u00f3 a realizar anuncios, que poco distan de las promesas de campa\u00f1a.<\/p>\n\n\n\n<p>En este marco, hay gran expectativa en\u00a0<strong>Mendoza\u00a0<\/strong>sobre el v\u00ednculo que se establecer\u00e1 con el futuro gobierno de\u00a0<strong>Alfredo Cornejo<\/strong>. De m\u00e1s est\u00e1 decir que las relaciones entre el gobierno provincial y Naci\u00f3n no se dieron en los mejores t\u00e9rminos durante los \u00faltimos cuatro a\u00f1os.<\/p>\n\n\n\n<p>En las \u00faltimas horas, los diez gobernadores electos de\u00a0Juntos por el Cambio\u00a0\u2013uno de ellos,\u00a0<strong>Alfredo Cornejo<\/strong>\u2013 manifestaron su respaldo al gobierno de\u00a0<strong>Javier Milei<\/strong>. Sin embargo, las \u00faltimas medidas anunciadas \u2013o mejor dicho, corroboradas\u2013 por el libertario abren algunos interrogantes.<\/p>\n\n\n\n<p><strong>Javier Milei<\/strong>\u00a0asegur\u00f3 este mi\u00e9rcoles que la eliminaci\u00f3n del Impuesto a las Ganancias para la cuarta categor\u00eda y la reducci\u00f3n del IVA que implement\u00f3 Sergio Massa se mantendr\u00e1n durante su gobierno.<\/p>\n\n\n\n<p>Se trata de uno de los frentes de batalla abiertos entre\u00a0<strong>Mendoza\u00a0<\/strong>y Naci\u00f3n, ya que recientemente la provincia realiz\u00f3 una demanda multimillonaria por las modificaciones en la Ley de Impuesto a las Ganancias que afectaron los fondos de la coparticipaci\u00f3n federal.<\/p>\n\n\n\n<p>El gobernador Rodolfo Suarez present\u00f3 ante la Corte Suprema de Justicia de la Naci\u00f3n una acci\u00f3n de inconstitucionalidad, con una medida cautelar, tras el decreto y la modificaci\u00f3n de la Ley de Impuesto a las Ganancias.&nbsp;<\/p>\n\n\n\n<p>Seg\u00fan el Gobierno provincial, tras la publicaci\u00f3n del Decreto 473\/2023 en septiembre pasado,&nbsp;<strong>Mendoza&nbsp;<\/strong>deja de percibir, entre octubre y noviembre, aproximadamente $7.000 millones en concepto de coparticipaci\u00f3n. En tanto, con la modificaci\u00f3n de la Ley 27725, que entrar\u00e1 en vigencia a partir de enero de 2024, la provincia deber\u00e1 afrontar una p\u00e9rdida de ingresos de alrededor $ 170.000 millones.<\/p>\n\n\n\n<p>Pero adem\u00e1s, los gobernadores de Juntos por el Cambio, con Alfredo Cornejo a la cabeza, ayer le sugirieron a Milei que reviera la medida tomada por Sergio Massa y que perjudica a las provincias. El mismo d\u00eda, asegur\u00f3 que seguir\u00e1 igual. En realidad el propio presidente electo hab\u00eda votado a favor de esa decisi\u00f3n en el Congreso.\u00a0<\/p>\n\n\n\n<p>Otra mala noticia que recibi\u00f3&nbsp;<strong>Mendoza<\/strong>&nbsp;en las \u00faltimas horas tiene que ver con la propuesta de<strong>&nbsp;Javier Milei&nbsp;<\/strong>de eliminar la obra p\u00fablica, impulsando la propuesta de obra privada \u201ca la chilena\u201d.<\/p>\n\n\n\n<p>&#8220;Nosotros no tenemos plata. Con lo cual esas obras pueden ser entregadas al sector privado. Nosotros no tenemos plata. Que los intendentes busquen la manera de financiarlo&#8221;, advirti\u00f3 el presidente electo.<\/p>\n\n\n\n<p>Mario Isgr\u00f3, ministro de Planificaci\u00f3n e Infraestructura P\u00fablica de Mendoza, intent\u00f3 bajar el tono de estas declaraciones y dijo: Por hora no es prudente anticiparse desde\u00a0<strong>Mendoza\u00a0<\/strong>en dar por hechos algunos relatos o expectativas aparentemente no tan buenas respecto de la obra p\u00fablica\u201d.<\/p>\n\n\n\n<p>Lo cierto es que en&nbsp;<strong>Mendoza&nbsp;<\/strong>hay varias obras financiadas por el Estado nacional que se encuentran paralizadas o ralentizadas, como el tramo de la Ruta 40 desde el Aeropuerto Internacional \u201cEl Plumerillo\u201d, hasta el acceso a la Villa Tulumaya, en el Departamento de Lavalle; la Variante Palmira o la adecuaci\u00f3n del T\u00fanel Caracoles \u2013 Sistema Cristo Redentor, solo por nombrar algunas.<\/p>\n\n\n\n<p>De esta manera,\u00a0<strong>Mendoza\u00a0<\/strong>aguarda con algo de ansiedad y un poco m\u00e1s de incertidumbre lo que pueda ocurrir a partir del 10 de diciembre, aunque el panorama parece ser bastante claro.<\/p>\n\n\n\n<p>FUENTE: Mdzonline.<\/p>\n","protected":false},"excerpt":{"rendered":"<p>Los \u00faltimos anuncios de Javier Milei sobre obra p\u00fablica e Impuesto a las Ganancias ponen al pr\u00f3ximo gobierno provincial en alerta. Faltan 17 d\u00edas para que\u00a0Javier Milei\u00a0asuma como nuevo presidente de los argentinos, pero el libertario ya comenz\u00f3 a realizar anuncios, que poco distan de las promesas de campa\u00f1a. En este marco, hay gran expectativa [&hellip;]<\/p>\n","protected":false},"author":2,"featured_media":3230,"comment_status":"open","ping_status":"open","sticky":true,"template":"","format":"standard","meta":[],"categories":[47],"tags":[],"_links":{"self":[{"href":"https:\/\/pasaenmendoza.com\/index.php?rest_route=\/wp\/v2\/posts\/3229"}],"collection":[{"href":"https:\/\/pasaenmendoza.com\/index.php?rest_route=\/wp\/v2\/posts"}],"about":[{"href":"https:\/\/pasaenmendoza.com\/index.php?rest_route=\/wp\/v2\/types\/post"}],"author":[{"embeddable":true,"href":"https:\/\/pasaenmendoza.com\/index.php?rest_route=\/wp\/v2\/users\/2"}],"replies":[{"embeddable":true,"href":"https:\/\/pasaenmendoza.com\/index.php?rest_route=%2Fwp%2Fv2%2Fcomments&post=3229"}],"version-history":[{"count":1,"href":"https:\/\/pasaenmendoza.com\/index.php?rest_route=\/wp\/v2\/posts\/3229\/revisions"}],"predecessor-version":[{"id":3231,"href":"https:\/\/pasaenmendoza.com\/index.php?rest_route=\/wp\/v2\/posts\/3229\/revisions\/3231"}],"wp:featuredmedia":[{"embeddable":true,"href":"https:\/\/pasaenmendoza.com\/index.php?rest_route=\/wp\/v2\/media\/3230"}],"wp:attachment":[{"href":"https:\/\/pasaenmendoza.com\/index.php?rest_route=%2Fwp%2Fv2%2Fmedia&parent=3229"}],"wp:term":[{"taxonomy":"category","embeddable":true,"href":"https:\/\/pasaenmendoza.com\/index.php?rest_route=%2Fwp%2Fv2%2Fcategories&post=3229"},{"taxonomy":"post_tag","embeddable":true,"href":"https:\/\/pasaenmendoza.com\/index.php?rest_route=%2Fwp%2Fv2%2Ftags&post=3229"}],"curies":[{"name":"wp","href":"https:\/\/api.w.org\/{rel}","templated":true}]}}