{"id":3232,"date":"2023-11-23T13:18:59","date_gmt":"2023-11-23T12:18:59","guid":{"rendered":"https:\/\/pasaenmendoza.com\/?p=3232"},"modified":"2023-11-23T13:19:00","modified_gmt":"2023-11-23T12:19:00","slug":"entre-el-apoyo-y-la-advertenciala-delgada-linea-en-la-que-se-mueve-la-liga","status":"publish","type":"post","link":"https:\/\/pasaenmendoza.com\/?p=3232","title":{"rendered":"Entre el apoyo y la advertencia,la delgada l\u00ednea en la que se mueve la Liga"},"content":{"rendered":"\n<p>Se sabe que una imagen, la mayor\u00eda de las veces, vale m\u00e1s que cien palabras. Eso es lo que ha sucedido con la reuni\u00f3n de los diez&nbsp;<strong>gobernadores&nbsp;<\/strong>de<strong>&nbsp;Juntos por el Cambio<\/strong>: el aparentemente simple documento de una carilla y media que difundieron ha valido mucho m\u00e1s que todo lo que en conferencia de prensa develaron y comentaron del encuentro sus voceros,&nbsp;<strong>Alfredo Cornejo<\/strong>&nbsp;(Mendoza) y&nbsp;<strong>Nacho Torres<\/strong>&nbsp;(Chubut).<\/p>\n\n\n\n<p>Mientras Cornejo se ha preocupado por dejar en claro que estos gobernadores \u2013una nueva liga de poder federal que tendr\u00e1 como funci\u00f3n, o eso se espera, recomponer la maltrecha coalici\u00f3n opositora que vol\u00f3 por los aires tras la derrota de octubre\u2013, comprenden&nbsp;<mark>el deseo de cambio rotundo para todas las cosas en el pa\u00eds&nbsp;<\/mark>que expres\u00f3 el voto de la mayor\u00eda de los argentinos y que, por esa raz\u00f3n, adem\u00e1s, se proponen como&nbsp;<mark>garantes de la gobernabilidad y de la legitimidad<\/mark>&nbsp;de lo manifestado, el papel que difundieron va mucho m\u00e1s all\u00e1, es m\u00e1s profundo, parece estar lleno de advertencias y le sugiere al nuevo gobierno de&nbsp;<strong>Javier Milei<\/strong>&nbsp;que los tenga en cuenta, porque&nbsp;<mark>ellos tambi\u00e9n han sido y son la expresi\u00f3n de lo que los pueblos en sus provincias han preferido<\/mark>. Las palabras, en definitiva, han sido componedoras y comprensivas; el documento no ha andado con vueltas y ha ido al hueso.<\/p>\n\n\n\n<p>Los gobernadores son los mencionados de Mendoza y Chubut, m\u00e1s&nbsp;<strong>Gustavo Vald\u00e9s<\/strong>&nbsp;(Corrientes);&nbsp;<strong>Rogelio Frigerio&nbsp;<\/strong>(Entre R\u00edos);&nbsp;<strong>Carlos Sadir&nbsp;<\/strong>(Jujuy);&nbsp;<strong>Leandro Zdero<\/strong>&nbsp;(Chaco);&nbsp;<strong>Marcelo Orrego<\/strong>&nbsp;(San Juan);&nbsp;<strong>Jorge Macri&nbsp;<\/strong>(CABA);&nbsp;<strong>Maximiliano Pullaro&nbsp;<\/strong>(Santa Fe) y&nbsp;<strong>Claudio Poggi<\/strong>&nbsp;(San Luis). Salvo Cornejo, que vuelve a la Gobernaci\u00f3n en un hecho novedoso para la provincia, y Vald\u00e9s que gobierna hasta el 2024, a\u00f1o en el que Corrientes tendr\u00e1 su elecci\u00f3n por un nuevo gobierno, el resto har\u00e1 su primera experiencia desde Juntos por el Cambio al frente de provincias que vienen de ser gobernadas, b\u00e1sicamente, por el peronismo y por varios a\u00f1os, como San Luis, San Juan, Chaco y Entre R\u00edos, y por el socialismo y el peronismo alternadamente, como Santa Fe.<\/p>\n\n\n\n<p>Est\u00e1 claro que lo que se avecina, con ese cambio de \u00e9poca que se supone inaugurar\u00e1 el nuevo presidente Javier Milei,&nbsp;<mark>demandar\u00e1 equilibrio, mucha paciencia y buen manejo de los tiempos<\/mark>&nbsp;para interpretar en qu\u00e9 momento y cu\u00e1ndo apretar el acelerador por las exigencias, reclamos y reivindicaciones para las provincias. Un comportamiento que obligar\u00e1 m\u00e1s a este grupo de gobernadores que los que directamente se van a ubicar en la oposici\u00f3n m\u00e1s dura, lo que parece m\u00e1s l\u00f3gico.<\/p>\n\n\n\n<p>\u201c<em>La Liga<\/em>\u201d tiene por delante estos desaf\u00edos: apuntalar a Milei y darle sustento en caso de que la gobernabilidad se vea amenazada por las reformas estructurales y el ajuste que se presume va a ejecutar el nuevo gobierno y, por otro lado, no abandonar los reclamos por el avance que ha tenido la gesti\u00f3n de<strong>&nbsp;Sergio Massa<\/strong>&nbsp;en Econom\u00eda sobre sus partidas, afectando la coparticipaci\u00f3n por la eliminaci\u00f3n de&nbsp;<strong>Ganancias<\/strong>&nbsp;y el impacto del programa&nbsp;<strong>Compre sin IVA<\/strong>.<\/p>\n\n\n\n<p>El documento ha dejado en claro que estos gobernadores&nbsp;<mark>buscar\u00e1n \u201cinfluir\u201d en el rumbo del pa\u00eds<\/mark>, que van a desplegar esa vocaci\u00f3n y le han expresado a Milei, por si acaso no lo tuviese en claro, que los bloques de Juntos por el Cambio en los que ellos, como jefes de gobierno de alguna u otra manera inciden, \u201c<em>ser\u00e1n determinantes en la pr\u00f3xima gesti\u00f3n<\/em>\u201d. Y cuando le han pedido a Milei que los tenga en cuenta, le han se\u00f1alado que&nbsp;<mark>el no hacerlo terminar\u00e1 afectando la gobernabilidad en sus distritos con consecuencias no deseadas.<\/mark>&nbsp;Se refieren literalmente a las decisiones que tom\u00f3 Massa respecto de los cambios en Ganancias y en el IVA, medidas que afectaron los recursos provinciales, pero que fueron, a la vez, apoyadas por el presidente electo en su rol de diputado.<\/p>\n\n\n\n<p>Mendoza y Corrientes ya demandaron a la Naci\u00f3n por los recursos coparticipables afectados. Para el caso de nuestra provincia, se han calculado alrededor de 7.000 millones de pesos entre octubre, noviembre y diciembre, y unos 170.000 millones para todo el 2024.<\/p>\n\n\n\n<p>Y tambi\u00e9n los diez gobernadores han expresado su apoyo a los gobernadores del Norte Grande que le han exigido a\u00a0<strong>Alberto Fern\u00e1ndez<\/strong>\u00a0lo que ser\u00eda casi un \u00faltimo acto de un gobierno que termina con los despojos y m\u00e1s que desdibujado, casi una caricatura de s\u00ed mismo:\u00a0<mark>la firma de un decreto \u201curgente\u201d que compense parcialmente la detracci\u00f3n de los fondos<\/mark>, \u201cpero alertamos \u2013firmaron en el documento\u2013, que esa medida no soluciona el problema de fondo ocasionado por ese cambio en las reglas de juego que nosotros advertimos y no acompa\u00f1amos en su momento\u201d.<\/p>\n\n\n\n<p>FUENTE: elsol.com.ar<\/p>\n","protected":false},"excerpt":{"rendered":"<p>Se sabe que una imagen, la mayor\u00eda de las veces, vale m\u00e1s que cien palabras. Eso es lo que ha sucedido con la reuni\u00f3n de los diez&nbsp;gobernadores&nbsp;de&nbsp;Juntos por el Cambio: el aparentemente simple documento de una carilla y media que difundieron ha valido mucho m\u00e1s que todo lo que en conferencia de prensa develaron y [&hellip;]<\/p>\n","protected":false},"author":2,"featured_media":3233,"comment_status":"open","ping_status":"open","sticky":true,"template":"","format":"standard","meta":[],"categories":[47],"tags":[],"_links":{"self":[{"href":"https:\/\/pasaenmendoza.com\/index.php?rest_route=\/wp\/v2\/posts\/3232"}],"collection":[{"href":"https:\/\/pasaenmendoza.com\/index.php?rest_route=\/wp\/v2\/posts"}],"about":[{"href":"https:\/\/pasaenmendoza.com\/index.php?rest_route=\/wp\/v2\/types\/post"}],"author":[{"embeddable":true,"href":"https:\/\/pasaenmendoza.com\/index.php?rest_route=\/wp\/v2\/users\/2"}],"replies":[{"embeddable":true,"href":"https:\/\/pasaenmendoza.com\/index.php?rest_route=%2Fwp%2Fv2%2Fcomments&post=3232"}],"version-history":[{"count":1,"href":"https:\/\/pasaenmendoza.com\/index.php?rest_route=\/wp\/v2\/posts\/3232\/revisions"}],"predecessor-version":[{"id":3234,"href":"https:\/\/pasaenmendoza.com\/index.php?rest_route=\/wp\/v2\/posts\/3232\/revisions\/3234"}],"wp:featuredmedia":[{"embeddable":true,"href":"https:\/\/pasaenmendoza.com\/index.php?rest_route=\/wp\/v2\/media\/3233"}],"wp:attachment":[{"href":"https:\/\/pasaenmendoza.com\/index.php?rest_route=%2Fwp%2Fv2%2Fmedia&parent=3232"}],"wp:term":[{"taxonomy":"category","embeddable":true,"href":"https:\/\/pasaenmendoza.com\/index.php?rest_route=%2Fwp%2Fv2%2Fcategories&post=3232"},{"taxonomy":"post_tag","embeddable":true,"href":"https:\/\/pasaenmendoza.com\/index.php?rest_route=%2Fwp%2Fv2%2Ftags&post=3232"}],"curies":[{"name":"wp","href":"https:\/\/api.w.org\/{rel}","templated":true}]}}