{"id":3238,"date":"2023-11-23T13:28:13","date_gmt":"2023-11-23T12:28:13","guid":{"rendered":"https:\/\/pasaenmendoza.com\/?p=3238"},"modified":"2023-11-23T13:28:14","modified_gmt":"2023-11-23T12:28:14","slug":"luis-petri-suena-como-posible-ministro-de-seguridad-de-javier-milei","status":"publish","type":"post","link":"https:\/\/pasaenmendoza.com\/?p=3238","title":{"rendered":"Luis Petri suena como posible ministro de Seguridad de Javier Milei"},"content":{"rendered":"\n<p>El mendocino, que respald\u00f3 a Milei en la campa\u00f1a para el balotaje, fue mencionado como integrante del futuro gabinete del libertario. Se ocupar\u00eda de Seguridad. Tambi\u00e9n se nombr\u00f3 a G\u00f3mez Centuri\u00f3n<\/p>\n\n\n\n<p>El nombre del mendocino<strong>\u00a0Luis Petri<\/strong>\u00a0volvi\u00f3 a sonar con fuerza este mi\u00e9rcoles para integrar el gabinete de\u00a0<strong>Javier Milei<\/strong>\u00a0como ministro de Seguridad de la Naci\u00f3n. Tambi\u00e9n se mencion\u00f3 para ese cargo a\u00a0<strong>Juan Jos\u00e9 G\u00f3mez Centuri\u00f3n<\/strong>, ex militar y fundador del Partido de la Reconquista, espacio con ideales cercanos a los del presidente electo.<\/p>\n\n\n\n<p>La posibilidad de que Petri se sume al equipo libertario se reforz\u00f3 con\u00a0<strong>el respaldo que el mendocino le dio a Milei<\/strong>\u00a0en la \u00faltima parte de la campa\u00f1a para el\u00a0<strong>balotaje<\/strong>\u00a0en el que, incluso, fue fiscal en una mesa de San Mart\u00edn al igual que varios radicales mendocinos que apoyaron a La Libertad Avanza.<\/p>\n\n\n\n<p>La seguridad es una de las \u00e1reas m\u00e1s abordadas por el ex legislador y ex candidato a vicepresidente de Patricia Bullrich.\u00a0<strong>Impulsor de la &#8220;mano dura&#8221; y de la baja de la edad de imputabilidad<\/strong>\u00a0de los menores que delinquen, el mendocino es uno los que m\u00e1s ha debatido sobre la necesidad de &#8220;respaldar a las fuerzas armadas en su lucha contra el delito&#8221; y en reclamar que &#8220;haya m\u00e1s derechos para las v\u00edctimas que para los victimarios&#8221;.<\/p>\n\n\n\n<h2 class=\"wp-block-heading\">El nuevo gabinete de Milei toma forma<\/h2>\n\n\n\n<p>Algunos de los nombres de quienes ser\u00e1n los ministros ya est\u00e1n confirmados. Otros a\u00fan no. A menos de veinte d\u00edas para la asunci\u00f3n la f\u00f3rmula presidencial electa,<strong>&nbsp;Javier Milei &#8211; Victoria Villarruel<\/strong>, el equipo toma forma, aunque desde la oficina del presidente electo dejaron en claro que&nbsp;<strong>el equipo de gesti\u00f3n ser\u00e1 anunciado el 10 de diciembre<\/strong>.<\/p>\n\n\n\n<p>El actual organigrama del Poder Ejecutivo cuenta con 18 ministerios,&nbsp;<strong>esquema que quedar\u00e1 pulverizado cuando asuma Milei<\/strong>.<\/p>\n\n\n\n<p>El libertario hizo toda su campa\u00f1a promoviendo un gabinete de solo 8 ministerios.<strong>&nbsp;&#8220;Como era antes&#8221;<\/strong>, dec\u00eda Milei antes de ganar. Esto lo ratific\u00f3 el lunes, horas despu\u00e9s de su victoria.<\/p>\n\n\n\n<p>Las \u00e1reas ser\u00e1n:<\/p>\n\n\n\n<ul>\n<li>Ministerio de Capital Humano<\/li>\n\n\n\n<li>Ministerio de Infraestructura<\/li>\n\n\n\n<li>Ministerio de Seguridad<\/li>\n\n\n\n<li>Ministerio de Econom\u00eda<\/li>\n\n\n\n<li>Ministerio de Defensa<\/li>\n\n\n\n<li>Ministerio de Relaciones Exteriores<\/li>\n\n\n\n<li>Ministerio del Interior<\/li>\n\n\n\n<li>Ministerio de Justicia<\/li>\n<\/ul>\n\n\n\n<p>El encargado de coordinar y supervisarlos ser\u00e1&nbsp;<strong>Nicol\u00e1s Posse<\/strong>, el elegido de Milei para ejercer la Jefatura de Gabinete.<\/p>\n\n\n\n<h2 class=\"wp-block-heading\">Ministerio de Capital Humano<\/h2>\n\n\n\n<p><strong>Quien estar\u00e1 al frente del Ministerio de Capital Humano ser\u00e1 Sandra Pettovello,&nbsp;<\/strong>que acompa\u00f1\u00f3 a Milei durante toda su campa\u00f1a y el martes mantuvo una extensa reuni\u00f3n en hotel Libertador.<\/p>\n\n\n\n<p>Pettovello manejar\u00e1&nbsp;<strong>una de las cajas m\u00e1s importantes<\/strong>&nbsp;del nuevo esquema de poder que desembarcar\u00e1 en el Ejecutivo.<\/p>\n\n\n\n<p>Esta cartera tendr\u00e1 cuatro secretar\u00edas de las cuales dos ya ten\u00edan due\u00f1o, pero en las \u00faltimas horas est\u00e1n entre pinzas:&nbsp;<strong>Trabajo, Educaci\u00f3n, Salud y Desarrollo Social<\/strong>.<\/p>\n\n\n\n<p><strong>Claudio Mor\u00f3n<\/strong>&nbsp;fue anunciado el 1 de octubre, antes del primer debate presidencial, como eventual secretario de Trabajo, y&nbsp;<strong>Mart\u00edn Krause<\/strong>&nbsp;son\u00f3 fuerte para Educaci\u00f3n. No hay precisiones sobre el futuro de ambos. Mucho menos en las secretar\u00edas de&nbsp;<strong>Salud<\/strong>&nbsp;y&nbsp;<strong>Desarrollo Social<\/strong>.<\/p>\n\n\n\n<h2 class=\"wp-block-heading\">Ministerio de Infraestructura<\/h2>\n\n\n\n<p>Al frente de Infraestructura estar\u00e1&nbsp;<strong>Guillermo Ferraros.<\/strong>&nbsp;Fue el encargado de coordinar la fiscalizaci\u00f3n del balotaje. Tendr\u00e1 bajo su supervisi\u00f3n a las&nbsp;<strong>secretar\u00edas de Energ\u00eda, Transporte, Obras P\u00fablicas y Comunicaciones<\/strong>.<\/p>\n\n\n\n<p>La Secretar\u00eda de Energ\u00eda ya tiene due\u00f1o y es<strong>&nbsp;Eduardo Rodr\u00edguez Chirillo<\/strong>. Trabaja desde hace meses en la sombra y tiene vasta experiencia en el sector energ\u00e9tico local e internacional.&nbsp;<strong>En Transporte, Obras P\u00fablicas y Comunicaciones no hay precisiones<\/strong>.<\/p>\n\n\n\n<p>Sin embargo, en Transporte merodea siempre la sombra del diputado y ex candidato a la vicepresidencia de Hacemos por Nuestro Pa\u00eds,\u00a0<strong>Florencio Randazzo.<\/strong>\u00a0Tiene gran relaci\u00f3n con los libertarios y fue floreado por\u00a0<strong>Guillermo Francos<\/strong>, futuro ministro del Interior.<\/p>\n\n\n\n<h2 class=\"wp-block-heading\">Ministerio de Relaciones Exteriores<\/h2>\n\n\n\n<p>Otra de las certezas pasa por el Ministerio de Relaciones Exteriores. Estar\u00e1 a cargo de&nbsp;<strong>Diana Mondino,<\/strong>&nbsp;que fue electa diputada nacional en las elecciones del 22 de octubre pasado. La experta en finanzas ya trabaja codo a codo con un equipo que incluye a dirigentes del PRO.<\/p>\n\n\n\n<p>En las \u00faltimas horas se concret\u00f3&nbsp;<strong>un llamado entre Milei y el presidente de Estados Unidos, Joe Biden<\/strong>, que avis\u00f3 que no podr\u00e1 asistir a la asunci\u00f3n presidencial fechada para el pr\u00f3ximo 10 de diciembre. Los gui\u00f1os en el llamado incluyeron&nbsp;<strong>la agenda comercial y los rehenes argentinos en Israel<\/strong>.<\/p>\n\n\n\n<h2 class=\"wp-block-heading\">Ministerio de Justicia y Ministerio del Interior<\/h2>\n\n\n\n<p>El abogado penalista&nbsp;<strong>Mariano C\u00faneo Libarona&nbsp;<\/strong>ser\u00e1 quien est\u00e9 al frente del Ministerio de Justicia.<\/p>\n\n\n\n<p>Se trata de uno de los letrados de alto perfil medi\u00e1tico. Tambi\u00e9n tuvo v\u00ednculos con la&nbsp;<strong>Corporaci\u00f3n Am\u00e9rica<\/strong>, grupo empresario de&nbsp;<strong>Eduardo Eurnekian<\/strong>, al que perteneci\u00f3 Milei.<\/p>\n\n\n\n<p>Como se apunt\u00f3 m\u00e1s arriba, el Ministerio del Interior quedar\u00e1 a cargo de&nbsp;<strong>Guillermo Francos<\/strong>. Desde mediados de septiembre, Francos se mueve como tal.<\/p>\n\n\n\n<p>Fue diputado y tiene v\u00ednculos con todo el arco pol\u00edtico. La cartera tendr\u00e1 un rol fundamental porque&nbsp;<strong>Milei solo contar\u00e1 con 38 diputados y 8 senadores<\/strong>.<\/p>\n\n\n\n<h2 class=\"wp-block-heading\">Las tres inc\u00f3gnitas: Seguridad, Defensa y Econom\u00eda<\/h2>\n\n\n\n<p>Antes de la victoria, se daba por sentado que Seguridad y Defensa caer\u00edan en manos de Villarruel. Sin embargo, la compa\u00f1era de f\u00f3rmula lo descart\u00f3 el lunes:&nbsp;<strong>&#8220;Solo voy a ser vicepresidenta&#8221;.<\/strong><\/p>\n\n\n\n<p>Lo mismo sucede con Econom\u00eda. Los nombres m\u00e1s fuertes que suenan son los ex presidentes del Banco Central&nbsp;<strong>Federico Sturzenegger y Luis Caputo.<\/strong><\/p>\n\n\n\n<p>En Defensa surgi\u00f3 el nombre de&nbsp;<strong>Federico Pinedo<\/strong>&nbsp;y en Seguridad, como ya se dijo en el inicio de esta nota se baraja el de<strong>&nbsp;Luis Petri, Juan Jos\u00e9 G\u00f3mez Centuri\u00f3n&nbsp;<\/strong>y alguno del ri\u00f1\u00f3n de la propia Villarruel.<\/p>\n\n\n\n<p>FUENTE: Diariouno.com.ar <\/p>\n","protected":false},"excerpt":{"rendered":"<p>El mendocino, que respald\u00f3 a Milei en la campa\u00f1a para el balotaje, fue mencionado como integrante del futuro gabinete del libertario. Se ocupar\u00eda de Seguridad. Tambi\u00e9n se nombr\u00f3 a G\u00f3mez Centuri\u00f3n El nombre del mendocino\u00a0Luis Petri\u00a0volvi\u00f3 a sonar con fuerza este mi\u00e9rcoles para integrar el gabinete de\u00a0Javier Milei\u00a0como ministro de Seguridad de la Naci\u00f3n. Tambi\u00e9n [&hellip;]<\/p>\n","protected":false},"author":2,"featured_media":3239,"comment_status":"open","ping_status":"open","sticky":true,"template":"","format":"standard","meta":[],"categories":[47],"tags":[],"_links":{"self":[{"href":"https:\/\/pasaenmendoza.com\/index.php?rest_route=\/wp\/v2\/posts\/3238"}],"collection":[{"href":"https:\/\/pasaenmendoza.com\/index.php?rest_route=\/wp\/v2\/posts"}],"about":[{"href":"https:\/\/pasaenmendoza.com\/index.php?rest_route=\/wp\/v2\/types\/post"}],"author":[{"embeddable":true,"href":"https:\/\/pasaenmendoza.com\/index.php?rest_route=\/wp\/v2\/users\/2"}],"replies":[{"embeddable":true,"href":"https:\/\/pasaenmendoza.com\/index.php?rest_route=%2Fwp%2Fv2%2Fcomments&post=3238"}],"version-history":[{"count":1,"href":"https:\/\/pasaenmendoza.com\/index.php?rest_route=\/wp\/v2\/posts\/3238\/revisions"}],"predecessor-version":[{"id":3240,"href":"https:\/\/pasaenmendoza.com\/index.php?rest_route=\/wp\/v2\/posts\/3238\/revisions\/3240"}],"wp:featuredmedia":[{"embeddable":true,"href":"https:\/\/pasaenmendoza.com\/index.php?rest_route=\/wp\/v2\/media\/3239"}],"wp:attachment":[{"href":"https:\/\/pasaenmendoza.com\/index.php?rest_route=%2Fwp%2Fv2%2Fmedia&parent=3238"}],"wp:term":[{"taxonomy":"category","embeddable":true,"href":"https:\/\/pasaenmendoza.com\/index.php?rest_route=%2Fwp%2Fv2%2Fcategories&post=3238"},{"taxonomy":"post_tag","embeddable":true,"href":"https:\/\/pasaenmendoza.com\/index.php?rest_route=%2Fwp%2Fv2%2Ftags&post=3238"}],"curies":[{"name":"wp","href":"https:\/\/api.w.org\/{rel}","templated":true}]}}