{"id":3244,"date":"2023-11-23T14:12:04","date_gmt":"2023-11-23T13:12:04","guid":{"rendered":"https:\/\/pasaenmendoza.com\/?p=3244"},"modified":"2023-11-23T14:12:05","modified_gmt":"2023-11-23T13:12:05","slug":"una-motociclista-esta-grave-tras-ser-chocada-en-el-corredor-del-oeste","status":"publish","type":"post","link":"https:\/\/pasaenmendoza.com\/?p=3244","title":{"rendered":"Una motociclista est\u00e1 grave tras ser chocada en el Corredor del Oeste"},"content":{"rendered":"\n<p>Una<strong>&nbsp;joven de 27 a\u00f1os est\u00e1 en grave&nbsp;<\/strong>estado internada en el Hospital Central tras haber sido atropellada por un automovilista en el Corredor del Oeste.<\/p>\n\n\n\n<p>El hecho ocurri\u00f3 cerca de las 19 horas de este mi\u00e9rcoles cuando un joven de 20 a\u00f1os, al mando de un Ford Ka, viajaba por calle Armani en sentido hacia el Oeste, all\u00ed impact\u00f3 contra una moto KTM Duke que iba por el Corredor del Oeste hacia el Norte.<\/p>\n\n\n\n<p>Al lugar lleg\u00f3 una ambulancia del Servicio Coordinado de Emergencia y los profesionales a cargo asistieron a ambos conductores. La mujer fue llevada al Hospital Central con politraumatismos graves y su estado es reservado.<\/p>\n\n\n\n<p><strong>Fuente: www.mendozapost.com<\/strong><\/p>\n","protected":false},"excerpt":{"rendered":"<p>Una&nbsp;joven de 27 a\u00f1os est\u00e1 en grave&nbsp;estado internada en el Hospital Central tras haber sido atropellada por un automovilista en el Corredor del Oeste. El hecho ocurri\u00f3 cerca de las 19 horas de este mi\u00e9rcoles cuando un joven de 20 a\u00f1os, al mando de un Ford Ka, viajaba por calle Armani en sentido hacia el [&hellip;]<\/p>\n","protected":false},"author":2,"featured_media":3245,"comment_status":"open","ping_status":"open","sticky":false,"template":"","format":"standard","meta":[],"categories":[48],"tags":[],"_links":{"self":[{"href":"https:\/\/pasaenmendoza.com\/index.php?rest_route=\/wp\/v2\/posts\/3244"}],"collection":[{"href":"https:\/\/pasaenmendoza.com\/index.php?rest_route=\/wp\/v2\/posts"}],"about":[{"href":"https:\/\/pasaenmendoza.com\/index.php?rest_route=\/wp\/v2\/types\/post"}],"author":[{"embeddable":true,"href":"https:\/\/pasaenmendoza.com\/index.php?rest_route=\/wp\/v2\/users\/2"}],"replies":[{"embeddable":true,"href":"https:\/\/pasaenmendoza.com\/index.php?rest_route=%2Fwp%2Fv2%2Fcomments&post=3244"}],"version-history":[{"count":1,"href":"https:\/\/pasaenmendoza.com\/index.php?rest_route=\/wp\/v2\/posts\/3244\/revisions"}],"predecessor-version":[{"id":3246,"href":"https:\/\/pasaenmendoza.com\/index.php?rest_route=\/wp\/v2\/posts\/3244\/revisions\/3246"}],"wp:featuredmedia":[{"embeddable":true,"href":"https:\/\/pasaenmendoza.com\/index.php?rest_route=\/wp\/v2\/media\/3245"}],"wp:attachment":[{"href":"https:\/\/pasaenmendoza.com\/index.php?rest_route=%2Fwp%2Fv2%2Fmedia&parent=3244"}],"wp:term":[{"taxonomy":"category","embeddable":true,"href":"https:\/\/pasaenmendoza.com\/index.php?rest_route=%2Fwp%2Fv2%2Fcategories&post=3244"},{"taxonomy":"post_tag","embeddable":true,"href":"https:\/\/pasaenmendoza.com\/index.php?rest_route=%2Fwp%2Fv2%2Ftags&post=3244"}],"curies":[{"name":"wp","href":"https:\/\/api.w.org\/{rel}","templated":true}]}}