{"id":3249,"date":"2023-11-23T14:22:11","date_gmt":"2023-11-23T13:22:11","guid":{"rendered":"https:\/\/pasaenmendoza.com\/?p=3249"},"modified":"2023-11-23T14:22:12","modified_gmt":"2023-11-23T13:22:12","slug":"un-masivo-corte-de-luz-afecto-al-gran-mendoza-y-otros-departamentos-en-la-manana-de-este-jueves","status":"publish","type":"post","link":"https:\/\/pasaenmendoza.com\/?p=3249","title":{"rendered":"Un masivo corte de luz afect\u00f3 al Gran Mendoza y otros departamentos en la ma\u00f1ana de este jueves"},"content":{"rendered":"\n<p>Un\u00a0<strong>sorpresivo corte de luz<\/strong>\u00a0se produjo este\u00a0<strong>jueves\u00a0<\/strong>alrededor de las 9 de la ma\u00f1ana. Si bien a\u00fan no hay informaci\u00f3n definitiva sobre las causas el incidente, amplias\u00a0<strong>zonas permanecen sin suministro<\/strong>\u00a0mientras otras lo han ido recuperando de forma paulatina.<\/p>\n\n\n\n<p>En un principio,&nbsp;<strong>el evento afect\u00f3 a todos los departamentos del Gran Mendoza<\/strong>, adem\u00e1s del&nbsp;<strong>Valle de Uco<\/strong>&nbsp;y otras \u00e1reas de la provincia.<\/p>\n\n\n\n<p><strong>En el centro, muchos sem\u00e1foros no est\u00e1n funcionando<\/strong><\/p>\n\n\n\n<p>Por otro lado, desde&nbsp;<strong>Edemsa<\/strong>&nbsp;aclararon que el incidente &#8220;es ajeno a la distribuidora&#8221; y esperan&nbsp;<strong>un reporte del sistema nacional<\/strong>.<\/p>\n\n\n\n<p><strong>Una ma\u00f1ana que se complic\u00f3<\/strong><\/p>\n\n\n\n<p>Entre tanto, se reportaron&nbsp;<strong>sem\u00e1foros sin funcionar<\/strong>&nbsp;en el Centro, la Costanera y arterias importantes como el carril Godoy Cruz de Guaymall\u00e9n y el Corredor del Oeste en Godoy Cruz.<\/p>\n\n\n\n<p>Asimismo, hay reportes de cortes en&nbsp;<strong>Tupungato y Tunuy\u00e1n<\/strong>.<\/p>\n\n\n\n<p>En los&nbsp;<strong>Tribunales provinciales<\/strong>&nbsp;se cubri\u00f3 el servicio a trav\u00e9s de generadores; pero la operatividad se resinti\u00f3.<\/p>\n\n\n\n<p>Y hasta el gobernador&nbsp;<strong>Rodolfo Suarez<\/strong>, que estaba por dar el \u00faltimo discurso de su gesti\u00f3n en el Congreso del Agua, tuvo que postergar el cronograma por la falta de luz.<\/p>\n\n\n\n<h2 class=\"wp-block-heading\">Explicaciones<\/h2>\n\n\n\n<p>Al promediar la ma\u00f1ana&nbsp;<strong>son varias las explicaciones<\/strong>&nbsp;sobre lo que puede haber ocurrido.<\/p>\n\n\n\n<p>Una habla de&nbsp;<strong>&#8220;un problema aguas arriba&#8221;de la distribuidora de energ\u00eda el\u00e9ctrica<\/strong>; y hay un comunicado del&nbsp;<strong>Ente Provincial Regulador El\u00e9ctrico (EPRE)<\/strong>&nbsp;que se refiere a&nbsp;<strong>una falla en las redes de alta tensi\u00f3n de Distrocuyo<\/strong>.<\/p>\n\n\n\n<figure class=\"wp-block-image\"><img decoding=\"async\" src=\"https:\/\/media.diariouno.com.ar\/p\/7a5e202db6eababd1ea22186b05476cc\/adjuntos\/298\/imagenes\/009\/260\/0009260614\/1200x0\/smart\/eprejpg.jpg\" alt=\"\" title=\"\"\/><\/figure>\n\n\n\n<p><strong>Fuente: www.diariouno.com.ar<\/strong><\/p>\n","protected":false},"excerpt":{"rendered":"<p>Un\u00a0sorpresivo corte de luz\u00a0se produjo este\u00a0jueves\u00a0alrededor de las 9 de la ma\u00f1ana. Si bien a\u00fan no hay informaci\u00f3n definitiva sobre las causas el incidente, amplias\u00a0zonas permanecen sin suministro\u00a0mientras otras lo han ido recuperando de forma paulatina. En un principio,&nbsp;el evento afect\u00f3 a todos los departamentos del Gran Mendoza, adem\u00e1s del&nbsp;Valle de Uco&nbsp;y otras \u00e1reas de [&hellip;]<\/p>\n","protected":false},"author":2,"featured_media":3253,"comment_status":"open","ping_status":"open","sticky":false,"template":"","format":"standard","meta":[],"categories":[50],"tags":[],"_links":{"self":[{"href":"https:\/\/pasaenmendoza.com\/index.php?rest_route=\/wp\/v2\/posts\/3249"}],"collection":[{"href":"https:\/\/pasaenmendoza.com\/index.php?rest_route=\/wp\/v2\/posts"}],"about":[{"href":"https:\/\/pasaenmendoza.com\/index.php?rest_route=\/wp\/v2\/types\/post"}],"author":[{"embeddable":true,"href":"https:\/\/pasaenmendoza.com\/index.php?rest_route=\/wp\/v2\/users\/2"}],"replies":[{"embeddable":true,"href":"https:\/\/pasaenmendoza.com\/index.php?rest_route=%2Fwp%2Fv2%2Fcomments&post=3249"}],"version-history":[{"count":1,"href":"https:\/\/pasaenmendoza.com\/index.php?rest_route=\/wp\/v2\/posts\/3249\/revisions"}],"predecessor-version":[{"id":3254,"href":"https:\/\/pasaenmendoza.com\/index.php?rest_route=\/wp\/v2\/posts\/3249\/revisions\/3254"}],"wp:featuredmedia":[{"embeddable":true,"href":"https:\/\/pasaenmendoza.com\/index.php?rest_route=\/wp\/v2\/media\/3253"}],"wp:attachment":[{"href":"https:\/\/pasaenmendoza.com\/index.php?rest_route=%2Fwp%2Fv2%2Fmedia&parent=3249"}],"wp:term":[{"taxonomy":"category","embeddable":true,"href":"https:\/\/pasaenmendoza.com\/index.php?rest_route=%2Fwp%2Fv2%2Fcategories&post=3249"},{"taxonomy":"post_tag","embeddable":true,"href":"https:\/\/pasaenmendoza.com\/index.php?rest_route=%2Fwp%2Fv2%2Ftags&post=3249"}],"curies":[{"name":"wp","href":"https:\/\/api.w.org\/{rel}","templated":true}]}}