{"id":3268,"date":"2023-11-24T12:51:46","date_gmt":"2023-11-24T11:51:46","guid":{"rendered":"https:\/\/pasaenmendoza.com\/?p=3268"},"modified":"2023-11-24T13:06:26","modified_gmt":"2023-11-24T12:06:26","slug":"bianchi-el-mendocino-que-suena-fuerte-en-el-gabinete-de-javier-milei","status":"publish","type":"post","link":"https:\/\/pasaenmendoza.com\/?p=3268","title":{"rendered":"Bianchi, el mendocino que suena fuerte en el gabinete de Javier Milei"},"content":{"rendered":"\n<p>Rodolfo Bianchi fue candidato a intendente de San Rafael y trabaja en los equipos t\u00e9cnicos de Javier Milei desde las PASO nacionales. Es un reconocido empresario en el mundo de servicios de internet.<\/p>\n\n\n\n<p>El presidente electo&nbsp;<strong>Javier Milei<\/strong>&nbsp;ya confirm\u00f3 varios nombres que integrar\u00e1n su gabinete -Guillermo Francos en el Ministerio del Interior y Diana Mondino en Relaciones Exteriores, entre otros- pero a\u00fan quedan cargos que no se sabe qui\u00e9n los ocupar\u00e1.<\/p>\n\n\n\n<p>Entre el abanico de posibilidades suena muy fuerte el nombre del mendocino&nbsp;<strong>Rodolfo Bianchi<\/strong>&nbsp;para estar a cargo del \u00e1rea de telecomunicaciones. El ingeniero en Computaci\u00f3n fue candidato a intendente por el partido Libertario en San Rafael y perdi\u00f3 en las elecciones municipales frente al peronista Omar F\u00e9lix. Sin embargo, entre las primarias y las generales creci\u00f3 en cantidad de votos y logr\u00f3 una banca para Mart\u00edn Antol\u00edn en el Honorable Concejo Deliberante de San Rafael.<\/p>\n\n\n\n<p><strong>Rodolfo Bianchi&nbsp;<\/strong>es cercano a Diana Mondino, se conocen por actividades de la C\u00e1mara Argentina de Peque\u00f1os Proveedores de Internet que \u00e9l preside. Ella fue la que lo convenci\u00f3 de sumarse al proyecto libertario cuando los j\u00f3venes de San Rafael lo invitaron a ser candidato a jefe comunal.&nbsp;<\/p>\n\n\n\n<p>Aunque el contacto entre&nbsp;<strong>Bianchi&nbsp;<\/strong>y&nbsp;<strong>Milei&nbsp;<\/strong>era casi nulo -solo se cruzaron en la visita a&nbsp;<strong>Mendoza<\/strong>&nbsp;y se sacaron una foto- despu\u00e9s de las PASO nacionales de agosto el sanrafaelino se sum\u00f3 a los equipos t\u00e9cnicos y empez\u00f3 a viajar a Buenos Aires para hacer su aporte en el campo de la tecnolog\u00eda.<\/p>\n\n\n\n<p>La relaci\u00f3n se afianz\u00f3 con los meses y&nbsp;<strong>Rodolfo Bianchi<\/strong>&nbsp;fue el encargado de participar en octubre en las en las Jornadas de la Asociaci\u00f3n Argentina TIC, Video y Conectividad como representante del espacio de&nbsp;<strong>Javier Milei<\/strong>&nbsp;y expuso all\u00ed las propuestas de La Libertad Avanza.<\/p>\n\n\n\n<h2 class=\"wp-block-heading\">Trayectoria en tecnolog\u00eda e internet&nbsp;<\/h2>\n\n\n\n<p><strong>Rodolfo Bianchi&nbsp;<\/strong>tiene una trayectoria que lo respalda como voz autorizada en el sector de las telecomunicaciones. Desde muy joven, el sanrafaelino empez\u00f3 a trabajar con su pap\u00e1 en Plastiandino -la f\u00e1brica de envases de pl\u00e1stico que se incendi\u00f3 en mayo- en el \u00e1rea de sistemas.&nbsp;<\/p>\n\n\n\n<p>A\u00f1os m\u00e1s tarde, hizo un posgrado en Finanzas y cuando repartieron la empresa entre los hermanos decidi\u00f3 fundar EcoWifi con su hermano Andr\u00e9s. La idea era llevar internet a Plastiandino y a otras empresas pero cuando la vendieron -hace dos a\u00f1os- el 90% de sus clientes eran familias. Tambi\u00e9n tiene empresas proveedoras de internet en Colombia en sociedad con dos amigos (Velonet SAS, Fibra100 SAS e Incolnet SAS).<\/p>\n\n\n\n<p>Adem\u00e1s,&nbsp;<strong>Rodolfo Bianchi<\/strong>&nbsp;tiene el perfil emprendedor del sector privado que pondera&nbsp;<strong>Javier Milei<\/strong>. Ha presidido o cofundado una serie de c\u00e1maras y organizaciones como: Tribu Coworking, Consejo de LAC-ISP (Federaci\u00f3n de c\u00e1maras de Internet de Latinoam\u00e9rica), Infraestructura Digital Argentina, Asociaci\u00f3n de Emprendedores de Argentina, Polo TIC del Sur Mendocino, C\u00e1mara de Comercio de San Rafael y Ecosistema Emprendedor de San Rafael, entre otras.<\/p>\n\n\n\n<h2 class=\"wp-block-heading\">Los planes de Javier Milei&nbsp;<\/h2>\n\n\n\n<p>Las telecomunicaciones son un sector clave en el pa\u00eds. Actualmente, internet y telefon\u00eda m\u00f3vil est\u00e1n regulados por el Ente Nacional de Comunicaciones. El Enacom reemplaz\u00f3 a la &nbsp;Secretar\u00eda de Comunicaciones durante la presidencia de Cristina Fern\u00e1ndez, Mauricio Macri lo sostuvo y sobrevive hasta hoy.&nbsp;<\/p>\n\n\n\n<p>En el achique del aparato del Estado, una de las posibilidades indica que el Enacom vuelva a ser secretar\u00eda a trav\u00e9s de un DNU pero sobre eso no hay precisiones hasta el momento.&nbsp;<\/p>\n\n\n\n<p>Aunque no se conoce el organigrama final, los trascendidos se\u00f1alan que&nbsp;<strong>Rodolfo Bianchi<\/strong>&nbsp;estar\u00e1 bajo la \u00f3rbita del experto en fintech Alejandro Cosentino y que el equipo de trabajo se completar\u00e1 con la exejecutiva de las empresas de Carlos Slim, Adriana Vaccaro.<\/p>\n\n\n\n<p>En las &nbsp;jornadas de la Asociaci\u00f3n Argentina TIC, Video y Conectividad,&nbsp;<strong>Bianchi&nbsp;<\/strong>dej\u00f3 en claro las l\u00edneas de trabajo de La Libertad Avanza: eliminaci\u00f3n del DNU 690, plan de espectro a largo plazo, menor intervenci\u00f3n del Estado y menos burocracia. El DNU 690 es el que firm\u00f3 Alberto Fern\u00e1ndez en plena pandemia -agosto 2020- y declar\u00f3 servicios p\u00fablicos al combo de telefon\u00eda, internet y televisi\u00f3n por cable.&nbsp;<\/p>\n\n\n\n<p>Otro de los pedidos de&nbsp;<strong>Rodolfo Bianchi<\/strong>&nbsp;en las Jornadas de ATVC de octubre fue que se frenara la licitaci\u00f3n del espectro para la quinta generaci\u00f3n de tecnolog\u00edas de telefon\u00eda m\u00f3vil (5G). Finalmente, la licitaci\u00f3n se llev\u00f3 adelante los \u00faltimos d\u00edas de octubre y se repartieron el espectro entre Claro, Telecom y Telef\u00f3nica. El Estado recaud\u00f3 US$875.091.000 de la subasta. Desde La Libertad Avanza pretend\u00edan que la licitaci\u00f3n se realizara despu\u00e9s del 10 de diciembre.<\/p>\n\n\n\n<p>fuente: Mdzonline,<\/p>\n","protected":false},"excerpt":{"rendered":"<p>Rodolfo Bianchi fue candidato a intendente de San Rafael y trabaja en los equipos t\u00e9cnicos de Javier Milei desde las PASO nacionales. Es un reconocido empresario en el mundo de servicios de internet. El presidente electo&nbsp;Javier Milei&nbsp;ya confirm\u00f3 varios nombres que integrar\u00e1n su gabinete -Guillermo Francos en el Ministerio del Interior y Diana Mondino en [&hellip;]<\/p>\n","protected":false},"author":2,"featured_media":3269,"comment_status":"open","ping_status":"open","sticky":true,"template":"","format":"standard","meta":[],"categories":[47],"tags":[],"_links":{"self":[{"href":"https:\/\/pasaenmendoza.com\/index.php?rest_route=\/wp\/v2\/posts\/3268"}],"collection":[{"href":"https:\/\/pasaenmendoza.com\/index.php?rest_route=\/wp\/v2\/posts"}],"about":[{"href":"https:\/\/pasaenmendoza.com\/index.php?rest_route=\/wp\/v2\/types\/post"}],"author":[{"embeddable":true,"href":"https:\/\/pasaenmendoza.com\/index.php?rest_route=\/wp\/v2\/users\/2"}],"replies":[{"embeddable":true,"href":"https:\/\/pasaenmendoza.com\/index.php?rest_route=%2Fwp%2Fv2%2Fcomments&post=3268"}],"version-history":[{"count":2,"href":"https:\/\/pasaenmendoza.com\/index.php?rest_route=\/wp\/v2\/posts\/3268\/revisions"}],"predecessor-version":[{"id":3281,"href":"https:\/\/pasaenmendoza.com\/index.php?rest_route=\/wp\/v2\/posts\/3268\/revisions\/3281"}],"wp:featuredmedia":[{"embeddable":true,"href":"https:\/\/pasaenmendoza.com\/index.php?rest_route=\/wp\/v2\/media\/3269"}],"wp:attachment":[{"href":"https:\/\/pasaenmendoza.com\/index.php?rest_route=%2Fwp%2Fv2%2Fmedia&parent=3268"}],"wp:term":[{"taxonomy":"category","embeddable":true,"href":"https:\/\/pasaenmendoza.com\/index.php?rest_route=%2Fwp%2Fv2%2Fcategories&post=3268"},{"taxonomy":"post_tag","embeddable":true,"href":"https:\/\/pasaenmendoza.com\/index.php?rest_route=%2Fwp%2Fv2%2Ftags&post=3268"}],"curies":[{"name":"wp","href":"https:\/\/api.w.org\/{rel}","templated":true}]}}