{"id":3271,"date":"2023-11-24T12:57:01","date_gmt":"2023-11-24T11:57:01","guid":{"rendered":"https:\/\/pasaenmendoza.com\/?p=3271"},"modified":"2023-11-24T12:57:02","modified_gmt":"2023-11-24T11:57:02","slug":"en-fotos-asi-fueron-las-particulares-juras-de-los-nuevos-diputados-de-mendoza","status":"publish","type":"post","link":"https:\/\/pasaenmendoza.com\/?p=3271","title":{"rendered":"En fotos: as\u00ed fueron las particulares juras de los nuevos diputados de Mendoza"},"content":{"rendered":"\n<p>En plena asunci\u00f3n, algunos de los flamantes legisladores se expresaron con mensajes llamativos. Otros estuvieron junto a acompa\u00f1antes ilustres.<\/p>\n\n\n\n<p>Los diputados provinciales que resultaron electos en las elecciones del 24 de septiembre tomaron este jueves su juramento en la Legislatura. Si bien todos los focos estaban puestos en<strong>&nbsp;Janina Ortiz<\/strong>, debido a los pedidos para que no asumiera en el cargo por las causas judiciales que enfrenta, otros legisladores tambi\u00e9n dieron la nota al romper con el protocolo.<\/p>\n\n\n\n<p>En la sesi\u00f3n especial de la C\u00e1mara Baja juraron los 24 diputados que ocupar\u00e1n una banca hasta el 2027. En orden alfab\u00e9tico, cada legislador se acerc\u00f3 al estrado para tomar su juramento: el primero en hacerlo fue\u00a0<strong>Franco Ambrosini<\/strong>, el diputado de San Rafael que representa a\u00a0<strong>Cambia Mendoza<\/strong>\u00a0y al momento de la foto oficial, se acerc\u00f3 su familia y el hist\u00f3rico dirigente radical,\u00a0<strong>Ernesto Sanz<\/strong>.<\/p>\n\n\n\n<p>Continuando con legisladores del departamento sure\u00f1o,\u00a0<strong>Silvina G\u00f3mez<\/strong>, al momento de su juramento lo hizo por \u201c<em>mi madre<\/em>\u201d.<\/p>\n\n\n\n<p>Otro radical que rompi\u00f3 con el protocolo fue\u00a0<strong>C\u00e9sar Cattanneo<\/strong>, quien al momento de su jura lo hizo por \u201c<em>la democracia, la Reforma y el Partido Radical<\/em>\u201d. El legislador hizo referencia a la Reforma Universitaria de 1918 y por su pasado en la agrupaci\u00f3n Franja Morada. Al momento de la foto oficial, estuvieron presente\u00a0<strong>Tadeo Garc\u00eda Zalazar<\/strong>\u00a0y las senadoras\u00a0<strong>Mariana Zlobec<\/strong>\u00a0y\u00a0<strong>Yamel Ases<\/strong>.<\/p>\n\n\n\n<p>Un momento que enterneci\u00f3 a todos los presentes fue cuando\u00a0<strong>Beatriz Mart\u00ednez<\/strong>\u00a0se acerc\u00f3 al estrado a jurar junto a su peque\u00f1o hijo en brazos. La diputada por el primer distrito estuvo acompa\u00f1ada por su familia y el intendente de Ciudad,\u00a0<strong>Ulpiano Suarez<\/strong>. \u00a0<\/p>\n\n\n\n<p>Por el lado de la oposici\u00f3n,<strong>\u00a0Mauro Giambastiani<\/strong>\u00a0del\u00a0<strong>Partido Verde<\/strong>\u00a0puso en valor la lucha de dicha agrupaci\u00f3n hacia el cuidado del medioambiente. El diputado jur\u00f3 \u201cp<em>or la 7722 y por la eterna defensa del agua para todas las generacione<\/em>s\u201d.<\/p>\n\n\n\n<p>Desde\u00a0<strong>La Uni\u00f3n Mendocina<\/strong>,<strong>\u00a0Jorge Difonso<\/strong>\u00a0efusivamente dej\u00f3 en claro su \u201c<em>s\u00ed juro<\/em>\u201d. Mientras que el ex intendente de San Carlos,\u00a0<strong>Rolando Scanio<\/strong>\u00a0jur\u00f3 \u201c<em>por una Mendoza m\u00e1s federa<\/em>l\u201d. Mientras que\u00a0<strong>Cintia G\u00f3mez<\/strong>, al momento de su juramento lo hizo mediante lengua de se\u00f1as.<\/p>\n\n\n\n<p>Por el lado del peronismo,\u00a0<strong>Ver\u00f3nica Valverde<\/strong>, despu\u00e9s de su juramento estuvo acompa\u00f1ada por su pareja el ex vicegobernador,\u00a0<strong>Carlos Ciurca\u00a0<\/strong>y con la ex candidata a intendente de Las Heras,\u00a0<strong>Adriana Cano<\/strong>.<\/p>\n\n\n\n<p><\/p>\n\n\n\n<p>fuente: elsol.com.ar <\/p>\n","protected":false},"excerpt":{"rendered":"<p>En plena asunci\u00f3n, algunos de los flamantes legisladores se expresaron con mensajes llamativos. Otros estuvieron junto a acompa\u00f1antes ilustres. Los diputados provinciales que resultaron electos en las elecciones del 24 de septiembre tomaron este jueves su juramento en la Legislatura. Si bien todos los focos estaban puestos en&nbsp;Janina Ortiz, debido a los pedidos para que [&hellip;]<\/p>\n","protected":false},"author":2,"featured_media":3272,"comment_status":"open","ping_status":"open","sticky":true,"template":"","format":"standard","meta":[],"categories":[47],"tags":[],"_links":{"self":[{"href":"https:\/\/pasaenmendoza.com\/index.php?rest_route=\/wp\/v2\/posts\/3271"}],"collection":[{"href":"https:\/\/pasaenmendoza.com\/index.php?rest_route=\/wp\/v2\/posts"}],"about":[{"href":"https:\/\/pasaenmendoza.com\/index.php?rest_route=\/wp\/v2\/types\/post"}],"author":[{"embeddable":true,"href":"https:\/\/pasaenmendoza.com\/index.php?rest_route=\/wp\/v2\/users\/2"}],"replies":[{"embeddable":true,"href":"https:\/\/pasaenmendoza.com\/index.php?rest_route=%2Fwp%2Fv2%2Fcomments&post=3271"}],"version-history":[{"count":1,"href":"https:\/\/pasaenmendoza.com\/index.php?rest_route=\/wp\/v2\/posts\/3271\/revisions"}],"predecessor-version":[{"id":3273,"href":"https:\/\/pasaenmendoza.com\/index.php?rest_route=\/wp\/v2\/posts\/3271\/revisions\/3273"}],"wp:featuredmedia":[{"embeddable":true,"href":"https:\/\/pasaenmendoza.com\/index.php?rest_route=\/wp\/v2\/media\/3272"}],"wp:attachment":[{"href":"https:\/\/pasaenmendoza.com\/index.php?rest_route=%2Fwp%2Fv2%2Fmedia&parent=3271"}],"wp:term":[{"taxonomy":"category","embeddable":true,"href":"https:\/\/pasaenmendoza.com\/index.php?rest_route=%2Fwp%2Fv2%2Fcategories&post=3271"},{"taxonomy":"post_tag","embeddable":true,"href":"https:\/\/pasaenmendoza.com\/index.php?rest_route=%2Fwp%2Fv2%2Ftags&post=3271"}],"curies":[{"name":"wp","href":"https:\/\/api.w.org\/{rel}","templated":true}]}}