{"id":3277,"date":"2023-11-24T13:04:47","date_gmt":"2023-11-24T12:04:47","guid":{"rendered":"https:\/\/pasaenmendoza.com\/?p=3277"},"modified":"2023-11-24T13:04:48","modified_gmt":"2023-11-24T12:04:48","slug":"de-marchi-sono-como-posible-ministro-de-milei-y-hebe-casado-le-tiro-con-todo","status":"publish","type":"post","link":"https:\/\/pasaenmendoza.com\/?p=3277","title":{"rendered":"De Marchi son\u00f3 como posible ministro de Milei y Hebe Casado le tir\u00f3 con todo"},"content":{"rendered":"\n<p>El fundador de La Uni\u00f3n Mendocina apareci\u00f3 en algunos medios porte\u00f1os como posible ministro de Educaci\u00f3n del nuevo gobierno. Y la vicegobernadora electa no se guard\u00f3 nada<\/p>\n\n\n\n<p><strong>Omar De Marchi<\/strong>, excandidato a gobernador por\u00a0<strong>La Uni\u00f3n Mendocina<\/strong>, empez\u00f3 a sonar este jueves como\u00a0<strong>posible ministro de Educaci\u00f3n<\/strong>\u00a0de Javier Milei. Y parece que la idea no le gust\u00f3 mucho a la vicegobernadora electa\u00a0<strong>Hebe Casado<\/strong>.<\/p>\n\n\n\n<p><strong>Casado y De Marchi est\u00e1n alejados desde hace tiempo<\/strong>, y los problemas se agudizaron cuando el&nbsp;<strong>PRO<\/strong>&nbsp;mendocino sufri\u00f3&nbsp;<strong>una escisi\u00f3n antes de las elecciones provinciales<\/strong>.<\/p>\n\n\n\n<p>Por entonces, el lujanino y los suyos&nbsp;<strong>se abrieron de Cambia Mendoza<\/strong>&nbsp;para fundar LAUM; y eso les vali\u00f3&nbsp;<strong>el escarmiento y la intervenci\u00f3n<\/strong>&nbsp;por parte de las autoridades partidarias nacionales.<\/p>\n\n\n\n<p>Ahora,<strong>&nbsp;despu\u00e9s de algunas semanas con perfil bajo<\/strong>, el nombre de De Marchi comenz\u00f3 a sonar de nuevo. Puede tratarse de una operaci\u00f3n pol\u00edtico\/medi\u00e1tica, es verdad.<\/p>\n\n\n\n<p>Pero -real o no- la mera posibilidad de que el diputado nacional se haga cargo de una cartera\u00a0<strong>hizo que Casado tronara en las redes<\/strong>.<\/p>\n\n\n\n<p>FUENTE: Diariouno.com.ar <\/p>\n\n\n\n<figure class=\"wp-block-image size-large\"><img decoding=\"async\" loading=\"lazy\" width=\"1024\" height=\"245\" src=\"https:\/\/pasaenmendoza.com\/wp-content\/uploads\/2023\/11\/image-1-1024x245.png\" alt=\"\" class=\"wp-image-3278\" srcset=\"https:\/\/pasaenmendoza.com\/wp-content\/uploads\/2023\/11\/image-1-1024x245.png 1024w, https:\/\/pasaenmendoza.com\/wp-content\/uploads\/2023\/11\/image-1-300x72.png 300w, https:\/\/pasaenmendoza.com\/wp-content\/uploads\/2023\/11\/image-1-768x184.png 768w, https:\/\/pasaenmendoza.com\/wp-content\/uploads\/2023\/11\/image-1-150x36.png 150w, https:\/\/pasaenmendoza.com\/wp-content\/uploads\/2023\/11\/image-1-696x166.png 696w, https:\/\/pasaenmendoza.com\/wp-content\/uploads\/2023\/11\/image-1-1068x255.png 1068w, https:\/\/pasaenmendoza.com\/wp-content\/uploads\/2023\/11\/image-1.png 1200w\" sizes=\"(max-width: 1024px) 100vw, 1024px\" \/><\/figure>\n","protected":false},"excerpt":{"rendered":"<p>El fundador de La Uni\u00f3n Mendocina apareci\u00f3 en algunos medios porte\u00f1os como posible ministro de Educaci\u00f3n del nuevo gobierno. Y la vicegobernadora electa no se guard\u00f3 nada Omar De Marchi, excandidato a gobernador por\u00a0La Uni\u00f3n Mendocina, empez\u00f3 a sonar este jueves como\u00a0posible ministro de Educaci\u00f3n\u00a0de Javier Milei. Y parece que la idea no le gust\u00f3 [&hellip;]<\/p>\n","protected":false},"author":2,"featured_media":3279,"comment_status":"open","ping_status":"open","sticky":true,"template":"","format":"standard","meta":[],"categories":[47],"tags":[],"_links":{"self":[{"href":"https:\/\/pasaenmendoza.com\/index.php?rest_route=\/wp\/v2\/posts\/3277"}],"collection":[{"href":"https:\/\/pasaenmendoza.com\/index.php?rest_route=\/wp\/v2\/posts"}],"about":[{"href":"https:\/\/pasaenmendoza.com\/index.php?rest_route=\/wp\/v2\/types\/post"}],"author":[{"embeddable":true,"href":"https:\/\/pasaenmendoza.com\/index.php?rest_route=\/wp\/v2\/users\/2"}],"replies":[{"embeddable":true,"href":"https:\/\/pasaenmendoza.com\/index.php?rest_route=%2Fwp%2Fv2%2Fcomments&post=3277"}],"version-history":[{"count":1,"href":"https:\/\/pasaenmendoza.com\/index.php?rest_route=\/wp\/v2\/posts\/3277\/revisions"}],"predecessor-version":[{"id":3280,"href":"https:\/\/pasaenmendoza.com\/index.php?rest_route=\/wp\/v2\/posts\/3277\/revisions\/3280"}],"wp:featuredmedia":[{"embeddable":true,"href":"https:\/\/pasaenmendoza.com\/index.php?rest_route=\/wp\/v2\/media\/3279"}],"wp:attachment":[{"href":"https:\/\/pasaenmendoza.com\/index.php?rest_route=%2Fwp%2Fv2%2Fmedia&parent=3277"}],"wp:term":[{"taxonomy":"category","embeddable":true,"href":"https:\/\/pasaenmendoza.com\/index.php?rest_route=%2Fwp%2Fv2%2Fcategories&post=3277"},{"taxonomy":"post_tag","embeddable":true,"href":"https:\/\/pasaenmendoza.com\/index.php?rest_route=%2Fwp%2Fv2%2Ftags&post=3277"}],"curies":[{"name":"wp","href":"https:\/\/api.w.org\/{rel}","templated":true}]}}