{"id":3282,"date":"2023-11-24T13:11:09","date_gmt":"2023-11-24T12:11:09","guid":{"rendered":"https:\/\/pasaenmendoza.com\/?p=3282"},"modified":"2023-11-24T13:11:11","modified_gmt":"2023-11-24T12:11:11","slug":"el-tiempo-en-mendoza-viernes-nublado-y-con-alerta-por-tormentas","status":"publish","type":"post","link":"https:\/\/pasaenmendoza.com\/?p=3282","title":{"rendered":"El tiempo en Mendoza: viernes nublado y con alerta por tormentas"},"content":{"rendered":"\n<p>El&nbsp;<strong>viernes&nbsp;<\/strong>arranca con nubosidad variable, poco cambio de la temperatura y vientos moderados del noreste.&nbsp;<mark>La m\u00ednima ser\u00e1 de 14 grados y la m\u00e1xima llegar\u00e1 a los 31.<\/mark><\/p>\n\n\n\n<p>Adem\u00e1s, el\u00a0<strong>Servicio Meteorol\u00f3gico Nacional (SMN)<\/strong>\u00a0indica<mark>\u00a0alerta amarilla por tormentas.<\/mark>\u00a0El fen\u00f3meno\u00a0<mark>podr\u00eda registrarse en horas de la tarde-noche<\/mark>\u00a0y afectar\u00e1 las zonas de Rivadavia, Jun\u00edn, Luj\u00e1n de Cuyo, San Carlos, Tunuy\u00e1n, Tupungato, General Alvear, Malarg\u00fce y San Rafael.<\/p>\n\n\n\n<p>Para el\u00a0<strong>fin de semana<\/strong>\u00a0se prev\u00e9 buen tiempo y temperaturas en ascenso.\u00a0<mark>Las m\u00ednimas ser\u00e1 de 21 grados y las m\u00e1ximas llegar\u00edan a los 35 grados.<\/mark><\/p>\n\n\n\n<p><strong>La situaci\u00f3n en alta monta\u00f1a<\/strong><\/p>\n\n\n\n<p>El&nbsp;<strong>Sistema Integrado Cristo Redentor<\/strong>&nbsp;se encuentra&nbsp;<mark>habilitado<\/mark>, durante las 24 horas para todo tipo de veh\u00edculos.<\/p>\n\n\n\n<p>El\u00a0<strong>paso Pehuenche<\/strong>\u00a0est\u00e1\u00a0<mark>cerrado<\/mark>\u00a0por tiempo indeterminado.<\/p>\n\n\n\n<p><strong>Fuente: www.elsol.com.ar<\/strong><\/p>\n","protected":false},"excerpt":{"rendered":"<p>El&nbsp;viernes&nbsp;arranca con nubosidad variable, poco cambio de la temperatura y vientos moderados del noreste.&nbsp;La m\u00ednima ser\u00e1 de 14 grados y la m\u00e1xima llegar\u00e1 a los 31. Adem\u00e1s, el\u00a0Servicio Meteorol\u00f3gico Nacional (SMN)\u00a0indica\u00a0alerta amarilla por tormentas.\u00a0El fen\u00f3meno\u00a0podr\u00eda registrarse en horas de la tarde-noche\u00a0y afectar\u00e1 las zonas de Rivadavia, Jun\u00edn, Luj\u00e1n de Cuyo, San Carlos, Tunuy\u00e1n, Tupungato, General [&hellip;]<\/p>\n","protected":false},"author":2,"featured_media":3283,"comment_status":"open","ping_status":"open","sticky":false,"template":"","format":"standard","meta":[],"categories":[52],"tags":[],"_links":{"self":[{"href":"https:\/\/pasaenmendoza.com\/index.php?rest_route=\/wp\/v2\/posts\/3282"}],"collection":[{"href":"https:\/\/pasaenmendoza.com\/index.php?rest_route=\/wp\/v2\/posts"}],"about":[{"href":"https:\/\/pasaenmendoza.com\/index.php?rest_route=\/wp\/v2\/types\/post"}],"author":[{"embeddable":true,"href":"https:\/\/pasaenmendoza.com\/index.php?rest_route=\/wp\/v2\/users\/2"}],"replies":[{"embeddable":true,"href":"https:\/\/pasaenmendoza.com\/index.php?rest_route=%2Fwp%2Fv2%2Fcomments&post=3282"}],"version-history":[{"count":1,"href":"https:\/\/pasaenmendoza.com\/index.php?rest_route=\/wp\/v2\/posts\/3282\/revisions"}],"predecessor-version":[{"id":3284,"href":"https:\/\/pasaenmendoza.com\/index.php?rest_route=\/wp\/v2\/posts\/3282\/revisions\/3284"}],"wp:featuredmedia":[{"embeddable":true,"href":"https:\/\/pasaenmendoza.com\/index.php?rest_route=\/wp\/v2\/media\/3283"}],"wp:attachment":[{"href":"https:\/\/pasaenmendoza.com\/index.php?rest_route=%2Fwp%2Fv2%2Fmedia&parent=3282"}],"wp:term":[{"taxonomy":"category","embeddable":true,"href":"https:\/\/pasaenmendoza.com\/index.php?rest_route=%2Fwp%2Fv2%2Fcategories&post=3282"},{"taxonomy":"post_tag","embeddable":true,"href":"https:\/\/pasaenmendoza.com\/index.php?rest_route=%2Fwp%2Fv2%2Ftags&post=3282"}],"curies":[{"name":"wp","href":"https:\/\/api.w.org\/{rel}","templated":true}]}}