{"id":3298,"date":"2023-11-24T13:55:36","date_gmt":"2023-11-24T12:55:36","guid":{"rendered":"https:\/\/pasaenmendoza.com\/?p=3298"},"modified":"2023-11-24T13:55:37","modified_gmt":"2023-11-24T12:55:37","slug":"aumento-la-tarifa-de-taxis-y-remises-en-mendoza","status":"publish","type":"post","link":"https:\/\/pasaenmendoza.com\/?p=3298","title":{"rendered":"Aument\u00f3 la tarifa de taxis y remises en Mendoza"},"content":{"rendered":"\n<p><strong>Aument\u00f3 el precio de los\u00a0viajes en taxis y remises de Mendoza<\/strong>. El decreto 2.509, que se public\u00f3 este viernes en el\u00a0<strong>Bolet\u00edn Oficial<\/strong>, indica que resulta &#8220;necesario incrementar las tarifas vigentes en un\u00a0<strong>66,57%<\/strong>&#8220;.<\/p>\n\n\n\n<p>La modificaci\u00f3n fue conversada con la&nbsp;<strong>Asociaci\u00f3n de Propietarios de Taxis Mendoza (APROTAM), la C\u00e1mara Empresaria del Tax\u00edmetro y Afines (CETAX) y la Asociaci\u00f3n de Taxis, Remises y Afines Zona Sur (ATASUR);<\/strong>&nbsp;que hab\u00edan solicitado los incrementos ante el panorama inflacionario.<\/p>\n\n\n\n<p>Adem\u00e1s, el Ente de la Movilidad Provincial (EMOP) convoc\u00f3 a una&nbsp;<strong>audiencia p\u00fablica<\/strong>&nbsp;en octubre.<\/p>\n\n\n\n<p>En consecuencia, a partir de ahora en&nbsp;<strong>Gran Mendoza<\/strong>&nbsp;las tarifas de&nbsp;<strong>taxis<\/strong>&nbsp;ser\u00e1n las siguientes:<\/p>\n\n\n\n<p><strong>Diurna<\/strong><\/p>\n\n\n\n<p>a) Ficha: $ 24,00<\/p>\n\n\n\n<p>b) Bajada de Bandera: $ 435,00<\/p>\n\n\n\n<p>c) Cada minuto de espera: $ 24,00<\/p>\n\n\n\n<p><strong>Nocturna (entre las 22 horas y las 5)<\/strong><\/p>\n\n\n\n<p>a) Ficha: $ 28,00<\/p>\n\n\n\n<p>b) Bajada de Bandera: $ 520,00<\/p>\n\n\n\n<p>c) Cada minuto de espera: $ 28,00<\/p>\n\n\n\n<p>En tanto, para la&nbsp;<strong>zona Centro, Sur, Norte, Este y la Localidad de Uspallata<\/strong>, las tarifas son:<\/p>\n\n\n\n<p><strong>Diurna<\/strong><\/p>\n\n\n\n<p>a) Ficha: $ 27,00<\/p>\n\n\n\n<p>b) Bajada de Bandera: $ 484,00<\/p>\n\n\n\n<p>c) Cada minuto de espera: $ 27,00<\/p>\n\n\n\n<p><strong>Nocturna<\/strong><\/p>\n\n\n\n<p>a) Ficha: $30,00<\/p>\n\n\n\n<p>b) Bajada de Bandera: $ 578,00<\/p>\n\n\n\n<p>c) Cada minuto de espera: $30,00<\/p>\n\n\n\n<h2 class=\"wp-block-heading\">Precios de los remises<\/h2>\n\n\n\n<p>Por otra parte, el&nbsp;<strong>servicio de remis<\/strong>&nbsp;en el&nbsp;<strong>Gran Mendoza<\/strong>&nbsp;pas\u00f3 a tener las siguientes tarifas:<\/p>\n\n\n\n<p><strong>Diurna<\/strong><\/p>\n\n\n\n<p>a) Ficha: $ 25,00<\/p>\n\n\n\n<p>b) Bajada de Bandera: $ 449,00<\/p>\n\n\n\n<p>c) Cada minuto de espera: $ 25,00<\/p>\n\n\n\n<p><strong>Nocturna<\/strong><\/p>\n\n\n\n<p>a) Ficha: $29,00<\/p>\n\n\n\n<p>b) Bajada de Bandera: $ 541,00<\/p>\n\n\n\n<p>c) Cada minuto de espera: $29,00<\/p>\n\n\n\n<p>Y en&nbsp;<strong>Zona Centro, Sur, Norte, Este y localidad de Uspallata<\/strong>, la tarifa de los&nbsp;<strong>remises<\/strong>&nbsp;ser\u00e1:<\/p>\n\n\n\n<p><strong>Diurna<\/strong><\/p>\n\n\n\n<p>a) Ficha: $ 28,00<\/p>\n\n\n\n<p>b) Bajada de Bandera: $ 499,00<\/p>\n\n\n\n<p>c) Cada minuto de espera: $ 28,00<\/p>\n\n\n\n<p><strong>Nocturna<\/strong><\/p>\n\n\n\n<p>a) Ficha: $ 31,00<\/p>\n\n\n\n<p>b) Bajada de Bandera: $ 599,00<\/p>\n\n\n\n<p>c) Cada minuto de espera: $ 31,00<\/p>\n\n\n\n<p><strong>Fuente: www.diariouno.com.ar<\/strong><\/p>\n","protected":false},"excerpt":{"rendered":"<p>Aument\u00f3 el precio de los\u00a0viajes en taxis y remises de Mendoza. El decreto 2.509, que se public\u00f3 este viernes en el\u00a0Bolet\u00edn Oficial, indica que resulta &#8220;necesario incrementar las tarifas vigentes en un\u00a066,57%&#8220;. La modificaci\u00f3n fue conversada con la&nbsp;Asociaci\u00f3n de Propietarios de Taxis Mendoza (APROTAM), la C\u00e1mara Empresaria del Tax\u00edmetro y Afines (CETAX) y la Asociaci\u00f3n [&hellip;]<\/p>\n","protected":false},"author":2,"featured_media":3299,"comment_status":"open","ping_status":"open","sticky":false,"template":"","format":"standard","meta":[],"categories":[79],"tags":[],"_links":{"self":[{"href":"https:\/\/pasaenmendoza.com\/index.php?rest_route=\/wp\/v2\/posts\/3298"}],"collection":[{"href":"https:\/\/pasaenmendoza.com\/index.php?rest_route=\/wp\/v2\/posts"}],"about":[{"href":"https:\/\/pasaenmendoza.com\/index.php?rest_route=\/wp\/v2\/types\/post"}],"author":[{"embeddable":true,"href":"https:\/\/pasaenmendoza.com\/index.php?rest_route=\/wp\/v2\/users\/2"}],"replies":[{"embeddable":true,"href":"https:\/\/pasaenmendoza.com\/index.php?rest_route=%2Fwp%2Fv2%2Fcomments&post=3298"}],"version-history":[{"count":1,"href":"https:\/\/pasaenmendoza.com\/index.php?rest_route=\/wp\/v2\/posts\/3298\/revisions"}],"predecessor-version":[{"id":3300,"href":"https:\/\/pasaenmendoza.com\/index.php?rest_route=\/wp\/v2\/posts\/3298\/revisions\/3300"}],"wp:featuredmedia":[{"embeddable":true,"href":"https:\/\/pasaenmendoza.com\/index.php?rest_route=\/wp\/v2\/media\/3299"}],"wp:attachment":[{"href":"https:\/\/pasaenmendoza.com\/index.php?rest_route=%2Fwp%2Fv2%2Fmedia&parent=3298"}],"wp:term":[{"taxonomy":"category","embeddable":true,"href":"https:\/\/pasaenmendoza.com\/index.php?rest_route=%2Fwp%2Fv2%2Fcategories&post=3298"},{"taxonomy":"post_tag","embeddable":true,"href":"https:\/\/pasaenmendoza.com\/index.php?rest_route=%2Fwp%2Fv2%2Ftags&post=3298"}],"curies":[{"name":"wp","href":"https:\/\/api.w.org\/{rel}","templated":true}]}}