{"id":3301,"date":"2023-11-24T14:05:43","date_gmt":"2023-11-24T13:05:43","guid":{"rendered":"https:\/\/pasaenmendoza.com\/?p=3301"},"modified":"2023-11-24T14:05:44","modified_gmt":"2023-11-24T13:05:44","slug":"supermercados-y-mayoristas-de-mendoza-ya-aplican-el-aumento-del-12-acordado-con-nacion-para-este-mes","status":"publish","type":"post","link":"https:\/\/pasaenmendoza.com\/?p=3301","title":{"rendered":"Supermercados y mayoristas de Mendoza ya aplican el aumento del 12% acordado con Naci\u00f3n para este mes"},"content":{"rendered":"\n<p>Para<strong>\u00a0frenar la aplicaci\u00f3n de listados<\/strong>\u00a0de nuevos precios\u00a0<strong>con\u00a0remarcaciones de hasta un 45%<\/strong><a rel=\"noreferrer noopener\" href=\"https:\/\/www.diariouno.com.ar\/economia\/comerciantes-mendoza-ya-recibieron-nuevas-listas-aumentos-el-30-n1251598\" target=\"_blank\">\u00a0<\/a>en los supermercados y mayoristas, la Secretar\u00eda de Comercio acord\u00f3 con el sector que las subas tengan un<strong>\u00a0tope de hasta un 21%<\/strong>\u00a0hasta el comienzo del nuevo gobierno.\u00a0<strong>Un 12% se aplicar\u00e1 en noviembre y el 8%, en promedio, en diciembre.<\/strong><\/p>\n\n\n\n<p>En&nbsp;<strong>Mendoza<\/strong>, el due\u00f1o del mayorista Oscar David,&nbsp;<strong>Rub\u00e9n David<\/strong>, indic\u00f3: &#8220;Nosotros<strong>&nbsp;tomamos la lista para mantener este acuerdo de precios durante noviembre al 12%<\/strong>, pero hay otras empresas que no lo han hecho porque quieren los aumentos entre el 30% y el 40%. En nuestro caso,&nbsp;<strong>no hemos comprado a esos valores irrisorios<\/strong>&nbsp;y nos estamos manteniendo con lo que tenemos&#8221;.<\/p>\n\n\n\n<p>David reconoci\u00f3 en declaraciones a\u00a0<strong>radio Nihuil<\/strong>\u00a0que a partir de este jueves\u00a0<strong>&#8220;las subas se han moderado, teniendo en cuenta que las cadenas ven\u00edan con porcentajes m\u00e1s elevados al comienzo de la semana y hoy estamos en ese 12%<\/strong>&#8220;.<\/p>\n\n\n\n<p>El&nbsp;<strong>mayorista Blow Max<\/strong>&nbsp;tiene una metodolog\u00eda distinta y su titular&nbsp;<strong>Mar\u00eda Eugenia Abraham&nbsp;<\/strong>dijo a&nbsp;<strong>Diario UNO<\/strong>&nbsp;que van llegando actualizaciones todos los d\u00edas, pero&nbsp;<strong>con porcentajes menores.<\/strong><\/p>\n\n\n\n<p>Respecto de su participaci\u00f3n en estos acuerdos de precios, explic\u00f3 que como no son cadena, no son convocados a estas negociaciones.<\/p>\n\n\n\n<p>A nivel nacional, el presidente de la<strong>&nbsp;Federaci\u00f3n Argentina de Supermercados y Autoservicios (FASA), V\u00edctor Palpacelli,<\/strong>&nbsp;reconoci\u00f3 que le pidieron participaci\u00f3n a la Secretar\u00eda de Comercio, &#8220;entendiendo principalmente que ellos son los que regulan y enmarcan los programas de precios justos o en los art\u00edculos que est\u00e1n en los fideicomisos&#8221;.<\/p>\n\n\n\n<p>Adem\u00e1s,\u00a0<strong>le enviaron una carta al presidente electo Javier Milei<\/strong>\u00a0para expresar que se ponen a disposici\u00f3n para colaborar y &#8220;ser responsables&#8221;.<\/p>\n\n\n\n<p>&#8220;Estamos tratando de que nuestros proveedores\u00a0<strong>respeten esta l\u00f3gica del 21% para noviembre y diciembre<\/strong>, porque si no es as\u00ed nosotros vamos a quedar muy desfasados&#8221;, recalc\u00f3 en declaraciones a TN.<\/p>\n\n\n\n<h2 class=\"wp-block-heading\">Disparidad en los acuerdos de precios<\/h2>\n\n\n\n<p>Palpacelli coincidi\u00f3 con David que no todos van a respetar este acuerdo:&nbsp;<strong>&#8220;Ya hay empresas que han dicho que no pueden respetarlo<\/strong>&#8220;.<\/p>\n\n\n\n<p>Tras la reuni\u00f3n del pasado mi\u00e9rcoles, la C\u00e1mara Argentina de Supermercados (CAS) y la Federaci\u00f3n Argentina de y Autoservicios (FASA) destacaron &#8220;la necesidad de proceder&nbsp;<strong>con extrema prudencia<\/strong>\u201d, al tiempo que subrayaron la&nbsp;<strong>fuerte p\u00e9rdida del poder adquisitivo<\/strong>.<\/p>\n\n\n\n<p>Y agregaron: \u201cNo podemos perder de vista que, en definitiva,\u00a0<strong>los perjudicados por los aumentos excesivos de precios son los consumidores<\/strong>, la gente que debe enfrentar esta situaci\u00f3n con\u00a0<strong>baj\u00edsimos niveles de ingresos<\/strong>\u201d.<\/p>\n\n\n\n<p>\u201cEntendemos que esta es una situaci\u00f3n transitoria, producto de la incertidumbre que genera el cambio de Gobierno en un entorno de elevad\u00edsima inflaci\u00f3n, con variables econ\u00f3micas profundamente deterioradas y ante\u00a0<strong>seguras modificaciones en la pol\u00edtica de precios que fijar\u00e1 la nueva administraci\u00f3n gubernamental<\/strong>\u201d, cerr\u00f3 el comunicado de los supermercadistas.<\/p>\n\n\n\n<p><strong>Fuente: www.diariouno.com.ar<\/strong><\/p>\n","protected":false},"excerpt":{"rendered":"<p>Para\u00a0frenar la aplicaci\u00f3n de listados\u00a0de nuevos precios\u00a0con\u00a0remarcaciones de hasta un 45%\u00a0en los supermercados y mayoristas, la Secretar\u00eda de Comercio acord\u00f3 con el sector que las subas tengan un\u00a0tope de hasta un 21%\u00a0hasta el comienzo del nuevo gobierno.\u00a0Un 12% se aplicar\u00e1 en noviembre y el 8%, en promedio, en diciembre. En&nbsp;Mendoza, el due\u00f1o del mayorista Oscar [&hellip;]<\/p>\n","protected":false},"author":2,"featured_media":3302,"comment_status":"open","ping_status":"open","sticky":false,"template":"","format":"standard","meta":[],"categories":[75],"tags":[],"_links":{"self":[{"href":"https:\/\/pasaenmendoza.com\/index.php?rest_route=\/wp\/v2\/posts\/3301"}],"collection":[{"href":"https:\/\/pasaenmendoza.com\/index.php?rest_route=\/wp\/v2\/posts"}],"about":[{"href":"https:\/\/pasaenmendoza.com\/index.php?rest_route=\/wp\/v2\/types\/post"}],"author":[{"embeddable":true,"href":"https:\/\/pasaenmendoza.com\/index.php?rest_route=\/wp\/v2\/users\/2"}],"replies":[{"embeddable":true,"href":"https:\/\/pasaenmendoza.com\/index.php?rest_route=%2Fwp%2Fv2%2Fcomments&post=3301"}],"version-history":[{"count":1,"href":"https:\/\/pasaenmendoza.com\/index.php?rest_route=\/wp\/v2\/posts\/3301\/revisions"}],"predecessor-version":[{"id":3303,"href":"https:\/\/pasaenmendoza.com\/index.php?rest_route=\/wp\/v2\/posts\/3301\/revisions\/3303"}],"wp:featuredmedia":[{"embeddable":true,"href":"https:\/\/pasaenmendoza.com\/index.php?rest_route=\/wp\/v2\/media\/3302"}],"wp:attachment":[{"href":"https:\/\/pasaenmendoza.com\/index.php?rest_route=%2Fwp%2Fv2%2Fmedia&parent=3301"}],"wp:term":[{"taxonomy":"category","embeddable":true,"href":"https:\/\/pasaenmendoza.com\/index.php?rest_route=%2Fwp%2Fv2%2Fcategories&post=3301"},{"taxonomy":"post_tag","embeddable":true,"href":"https:\/\/pasaenmendoza.com\/index.php?rest_route=%2Fwp%2Fv2%2Ftags&post=3301"}],"curies":[{"name":"wp","href":"https:\/\/api.w.org\/{rel}","templated":true}]}}