{"id":3304,"date":"2023-11-24T14:21:40","date_gmt":"2023-11-24T13:21:40","guid":{"rendered":"https:\/\/pasaenmendoza.com\/?p=3304"},"modified":"2023-11-24T14:21:41","modified_gmt":"2023-11-24T13:21:41","slug":"otra-mendocina-se-impuso-en-got-talent-y-se-metio-en-la-gran-final","status":"publish","type":"post","link":"https:\/\/pasaenmendoza.com\/?p=3304","title":{"rendered":"Otra mendocina se impuso en \u201cGot Talent\u201d y se meti\u00f3 en la gran final"},"content":{"rendered":"\n<p>\u00a0Una vez m\u00e1s, Mendoza se mete en la final de\u00a0<strong>Got Talent Argentina.<\/strong>\u00a0Lo cierto es que tras cautivar a los integrantes del jurado, en agosto, durante su primera participaci\u00f3n,\u00a0<strong>Carla Masignani<\/strong>,\u00a0<mark>volvi\u00f3 a brillar en escena y este jueves logr\u00f3 un lugar en la final.<\/mark><\/p>\n\n\n\n<p>Lo cierto es que en la instancia previa a la definici\u00f3n del reality, la mendocina nuevamente demostr\u00f3 su habilidad en una presentaci\u00f3n circense con un aro que incluy\u00f3 danza y acrobacia.<strong>\u00a0<\/strong>Ah\u00ed<mark>\u00a0emocion\u00f3 a Abel Pintos<\/mark>\u00a0y por votaci\u00f3n del jurado se gan\u00f3 un lugar en la final.<\/p>\n\n\n\n<h2 class=\"wp-block-heading\" id=\"h-de-la-plaza-independencia-a-la-tv\">De la plaza Independencia a la TV<\/h2>\n\n\n\n<p>La mujer de 31 a\u00f1os, que naci\u00f3 en Buenos Aires, pero se mud\u00f3 a Mendoza hace algunos a\u00f1os y adopt\u00f3 la provincia como su lugar para vivir, explic\u00f3 que empez\u00f3 de grande con esta actividad:&nbsp;<strong>\u201c<\/strong><em>Me gusta explorarlo m\u00e1s desde la teatralidad. El instrumento me conmueve al usarlo y me lleva a otro lugar\u201d<\/em>,&nbsp;revel\u00f3 en el programa Corta por Lozano de Telefe.<\/p>\n\n\n\n<p>\u201cE<em>ra grande para empezar en lo circense y es algo que me cambi\u00f3. Vi un video y dije \u2018quiero hacer eso\u2019. La compr\u00e9 y empec\u00e9 a investigar sola\u201d,\u00a0<\/em>detall\u00f3.<\/p>\n\n\n\n<p>Y, en la misma entrevista, cerr\u00f3:\u00a0<em>\u201cYo me conmuevo con lo que me pasa a m\u00ed, lo vengo haciendo en la calle hace 5 a\u00f1os, en la Plaza Independencia de Mendoza, y cuando la calle se pone dura, simplemente lo hac\u00e9s para vos. La m\u00fasica me atraviesa, no elijo cualquier canci\u00f3n, y por eso cuando yo me conmuevo y despu\u00e9s veo que estaban conmovidos y Abel llorando\u2026<\/em>\u201c.<\/p>\n\n\n\n<p><strong>Fuente: www.elsol.com.ar<\/strong><\/p>\n","protected":false},"excerpt":{"rendered":"<p>\u00a0Una vez m\u00e1s, Mendoza se mete en la final de\u00a0Got Talent Argentina.\u00a0Lo cierto es que tras cautivar a los integrantes del jurado, en agosto, durante su primera participaci\u00f3n,\u00a0Carla Masignani,\u00a0volvi\u00f3 a brillar en escena y este jueves logr\u00f3 un lugar en la final. Lo cierto es que en la instancia previa a la definici\u00f3n del reality, [&hellip;]<\/p>\n","protected":false},"author":2,"featured_media":3305,"comment_status":"open","ping_status":"open","sticky":false,"template":"","format":"standard","meta":[],"categories":[50],"tags":[],"_links":{"self":[{"href":"https:\/\/pasaenmendoza.com\/index.php?rest_route=\/wp\/v2\/posts\/3304"}],"collection":[{"href":"https:\/\/pasaenmendoza.com\/index.php?rest_route=\/wp\/v2\/posts"}],"about":[{"href":"https:\/\/pasaenmendoza.com\/index.php?rest_route=\/wp\/v2\/types\/post"}],"author":[{"embeddable":true,"href":"https:\/\/pasaenmendoza.com\/index.php?rest_route=\/wp\/v2\/users\/2"}],"replies":[{"embeddable":true,"href":"https:\/\/pasaenmendoza.com\/index.php?rest_route=%2Fwp%2Fv2%2Fcomments&post=3304"}],"version-history":[{"count":1,"href":"https:\/\/pasaenmendoza.com\/index.php?rest_route=\/wp\/v2\/posts\/3304\/revisions"}],"predecessor-version":[{"id":3306,"href":"https:\/\/pasaenmendoza.com\/index.php?rest_route=\/wp\/v2\/posts\/3304\/revisions\/3306"}],"wp:featuredmedia":[{"embeddable":true,"href":"https:\/\/pasaenmendoza.com\/index.php?rest_route=\/wp\/v2\/media\/3305"}],"wp:attachment":[{"href":"https:\/\/pasaenmendoza.com\/index.php?rest_route=%2Fwp%2Fv2%2Fmedia&parent=3304"}],"wp:term":[{"taxonomy":"category","embeddable":true,"href":"https:\/\/pasaenmendoza.com\/index.php?rest_route=%2Fwp%2Fv2%2Fcategories&post=3304"},{"taxonomy":"post_tag","embeddable":true,"href":"https:\/\/pasaenmendoza.com\/index.php?rest_route=%2Fwp%2Fv2%2Ftags&post=3304"}],"curies":[{"name":"wp","href":"https:\/\/api.w.org\/{rel}","templated":true}]}}