{"id":3310,"date":"2023-11-27T13:42:33","date_gmt":"2023-11-27T12:42:33","guid":{"rendered":"https:\/\/pasaenmendoza.com\/?p=3310"},"modified":"2023-11-27T13:42:34","modified_gmt":"2023-11-27T12:42:34","slug":"urgente-noticia-de-anses-que-afecta-a-todos-los-jubilados-auh-y-aue","status":"publish","type":"post","link":"https:\/\/pasaenmendoza.com\/?p=3310","title":{"rendered":"URGENTE noticia de ANSES que afecta a TODOS los jubilados, AUH y AUE"},"content":{"rendered":"\n<p><strong>ANSES<\/strong>\u00a0confirm\u00f3 una noticia que afecta a todos sus\u00a0<strong>beneficiarios<\/strong>, desde<strong>\u00a0jubilados y pensionados<\/strong>\u00a0hasta titulares de asignaciones sociales como AUH, AUE y otras.<\/p>\n\n\n\n<p>La novedad de\u00a0<strong>ANSES\u00a0<\/strong>se da en medio de los \u00faltimos cobros de noviembre, aunque estos no se ver\u00e1n afectados explicaron desde el Administraci\u00f3n Nacional de Seguridad Social.<\/p>\n\n\n\n<h2 class=\"wp-block-heading\">Qu\u00e9 pasa con ANSES<\/h2>\n\n\n\n<p>La novedad dada a conocer por&nbsp;<strong>ANSES&nbsp;<\/strong>es que este lunes no se podr\u00e1 atender a ning\u00fan beneficiario del organismo a ra\u00edz de que este 27 de noviembre es el D\u00eda del Trabajador Previsional.<\/p>\n\n\n\n<p>El hecho de que se conmemore este d\u00eda ha hecho que&nbsp;<strong>ANSES&nbsp;<\/strong>deba mantener sus oficinas cerrradas y se haya declarado asueto para todos sus trabajadores.<\/p>\n\n\n\n<p>El D\u00eda del Trabajadores Previsional afecta a &#8220;todos los trabajadores de la Secretar\u00eda de Seguridad Social, dependiente del Ministerio de Trabajo, Empleo y Seguridad Social de la Naci\u00f3n y los de la Administraci\u00f3n Nacional de la Seguridad Social (<strong>ANSES<\/strong>) u organismos p\u00fablicos que en el futuro lo reemplacen&#8221;.<\/p>\n\n\n\n<h2 class=\"wp-block-heading\">ANSES: \u00bfpor qu\u00e9 se celebra el D\u00eda del Trabajador Previsional?<\/h2>\n\n\n\n<p>La elecci\u00f3n de la fecha del D\u00eda del Trabajador Previsional no es casualidad. Es que un 27 de noviembre Juan Domingo Per\u00f3n fue nombrado secretario de Trabajo y Previsi\u00f3n en 1943.<\/p>\n\n\n\n<h2 class=\"wp-block-heading\">ANSES: \u00bfQu\u00e9 pasa con los dep\u00f3sitos a jubilados y a asignaciones sociales?<\/h2>\n\n\n\n<p>El calendario de pago de&nbsp;<strong>ANSES&nbsp;<\/strong>se ve a afectuar normalmente este lunes, ya que el cobro es a trav\u00e9s de cajeros autom\u00e1ticos o ventanillas en sucursales bancarias.<\/p>\n\n\n\n<p>Este lunes 27 de noviembre\u00a0<strong>ANSES\u00a0<\/strong>paga a jubilados que cobran m\u00e1s que la m\u00ednima y cuyos documentos terminan en 2 y 3. Estos podr\u00e1n obtener su dinero sin ning\u00fan tipo de problema. Tambi\u00e9n se abonan asignaciones de pago \u00fanico como adopci\u00f3n, matrimonio y nacimiento.<\/p>\n\n\n\n<p><strong>Fuente: www.diariouno.com.ar<\/strong><\/p>\n","protected":false},"excerpt":{"rendered":"<p>ANSES\u00a0confirm\u00f3 una noticia que afecta a todos sus\u00a0beneficiarios, desde\u00a0jubilados y pensionados\u00a0hasta titulares de asignaciones sociales como AUH, AUE y otras. La novedad de\u00a0ANSES\u00a0se da en medio de los \u00faltimos cobros de noviembre, aunque estos no se ver\u00e1n afectados explicaron desde el Administraci\u00f3n Nacional de Seguridad Social. Qu\u00e9 pasa con ANSES La novedad dada a conocer [&hellip;]<\/p>\n","protected":false},"author":2,"featured_media":3312,"comment_status":"open","ping_status":"open","sticky":false,"template":"","format":"standard","meta":[],"categories":[57],"tags":[],"_links":{"self":[{"href":"https:\/\/pasaenmendoza.com\/index.php?rest_route=\/wp\/v2\/posts\/3310"}],"collection":[{"href":"https:\/\/pasaenmendoza.com\/index.php?rest_route=\/wp\/v2\/posts"}],"about":[{"href":"https:\/\/pasaenmendoza.com\/index.php?rest_route=\/wp\/v2\/types\/post"}],"author":[{"embeddable":true,"href":"https:\/\/pasaenmendoza.com\/index.php?rest_route=\/wp\/v2\/users\/2"}],"replies":[{"embeddable":true,"href":"https:\/\/pasaenmendoza.com\/index.php?rest_route=%2Fwp%2Fv2%2Fcomments&post=3310"}],"version-history":[{"count":1,"href":"https:\/\/pasaenmendoza.com\/index.php?rest_route=\/wp\/v2\/posts\/3310\/revisions"}],"predecessor-version":[{"id":3313,"href":"https:\/\/pasaenmendoza.com\/index.php?rest_route=\/wp\/v2\/posts\/3310\/revisions\/3313"}],"wp:featuredmedia":[{"embeddable":true,"href":"https:\/\/pasaenmendoza.com\/index.php?rest_route=\/wp\/v2\/media\/3312"}],"wp:attachment":[{"href":"https:\/\/pasaenmendoza.com\/index.php?rest_route=%2Fwp%2Fv2%2Fmedia&parent=3310"}],"wp:term":[{"taxonomy":"category","embeddable":true,"href":"https:\/\/pasaenmendoza.com\/index.php?rest_route=%2Fwp%2Fv2%2Fcategories&post=3310"},{"taxonomy":"post_tag","embeddable":true,"href":"https:\/\/pasaenmendoza.com\/index.php?rest_route=%2Fwp%2Fv2%2Ftags&post=3310"}],"curies":[{"name":"wp","href":"https:\/\/api.w.org\/{rel}","templated":true}]}}