{"id":3311,"date":"2023-11-27T13:49:47","date_gmt":"2023-11-27T12:49:47","guid":{"rendered":"https:\/\/pasaenmendoza.com\/?p=3311"},"modified":"2023-11-27T13:49:48","modified_gmt":"2023-11-27T12:49:48","slug":"que-pasara-con-el-aguinaldo-en-mendoza-por-el-recorte-de-fondos","status":"publish","type":"post","link":"https:\/\/pasaenmendoza.com\/?p=3311","title":{"rendered":"Qu\u00e9 pasar\u00e1 con el aguinaldo en Mendoza por el recorte de fondos"},"content":{"rendered":"\n<p>El Gobierno de Mendoza asegura que se cumplir\u00e1 con el pago del aguinaldo, pero temen por la agudizaci\u00f3n de la crisis debido al recorte de fondos.<\/p>\n\n\n\n<p>El presidente electo Javier Milei confirm\u00f3 que ajustar\u00e1 todas las cuentas p\u00fablicas ni bien asuma y las provincias van a sentir la repercusi\u00f3n. Pero hay ajustes que ya se sienten\u00a0y tiene que ver con medidas tomadas por la actual gesti\u00f3n. En Mendoza, y en todo el resto de las jurisdicciones, el impacto del recorte a la coparticipaci\u00f3n ya tiene sus consecuencias y hace correr peligro algunas obligaciones. Es lo que pas\u00f3 con el pago del\u00a0<strong>aguinaldo<\/strong>\u00a0de los empleados p\u00fablicos en varias provincias.\u00a0<\/p>\n\n\n\n<p>En Mendoza, el medio\u00a0<strong>aguinaldo<\/strong>\u00a0de diciembre se pagar\u00e1 en tiempo y forma. As\u00ed lo confirmaron\u00a0desde el Gobierno, aunque tambi\u00e9n dijeron que recalculan la planificaci\u00f3n econ\u00f3mico &#8211; financiera por los recortes. Por ley, el pago debe realizarse antes del 18 de diciembre y la Provincia cumplir\u00e1 esa obligaci\u00f3n. Antes, el 9 de diciembre, asume como gobernador\u00a0<strong>Alfredo Cornejo<\/strong>.\u00a0<\/p>\n\n\n\n<p>El Gobierno nacional ejecut\u00f3, con aval del Congreso,\u00a0un cambio dr\u00e1stico en el impuesto a las Ganancias, un tributo coparticipable. El impacto para Mendoza es, seg\u00fan el Ejecutivo provincial, de 170 mil millones de pesos. Por eso, Rodolfo Suarez demand\u00f3 a la Naci\u00f3n y el mismo camino tomar\u00edan otras provincias. La provincia tiene &#8220;ahorros&#8221; que pueden funcionar como fondo antic\u00edclico, pero la incertidumbre sobre el futuro inmediato hace temer. Por eso, aseguran que &#8220;por ahora&#8221; hay garant\u00edas de pago, pero no est\u00e1 claro si habr\u00e1 m\u00e1s ajustes\u00a0que puedan complicar el d\u00eda a d\u00eda.\u00a0<\/p>\n\n\n\n<p>Cornejo y los otros 9 mandatarios provinciales que son parte de Juntos por el Cambio alertaron al futuro presidente sobre el impacto del recorte.\u00a0<strong>Milei\u00a0<\/strong>hab\u00eda apoyado como legislador los cambios en\u00a0<strong>Ganancias\u00a0<\/strong>y luego ratific\u00f3 como presidente electo la continuidad de ese camino. Ese puede ser un punto de conflicto que rompa la armon\u00eda de la relaci\u00f3n que hab\u00edan propuesto los gobernadores.\u00a0<\/p>\n\n\n\n<p>Ya hay alertas puntuales. El gobernador electo de Chubut, Ignacio Torres,\u00a0dijo que en su provincia no podr\u00e1n pagar el\u00a0<strong>aguinaldo<\/strong>\u00a0por los recortes. Desde Santa Fe, Maximiliano Pullaro tambi\u00e9n dijo que hay dificultades, pero que har\u00e1n un esfuerzo para cumplir. Curiosamente ese reclamo une a los mandatarios de JXC con los peronistas del &#8220;Norte grande&#8221; que tambi\u00e9n realizaron un reclamo similar. Los problemas financieros incluso afectan a la provincia de Buenos Aires. Axel Kicillof le pidi\u00f3 a la Legislatura de esa provincia autorizaci\u00f3n para endeudarse en hasta 150 millones de d\u00f3lares (en pesos) para hacer frente a los problemas que tiene.\u00a0<\/p>\n\n\n\n<p>FUENTE: Mdzonline.<\/p>\n","protected":false},"excerpt":{"rendered":"<p>El Gobierno de Mendoza asegura que se cumplir\u00e1 con el pago del aguinaldo, pero temen por la agudizaci\u00f3n de la crisis debido al recorte de fondos. El presidente electo Javier Milei confirm\u00f3 que ajustar\u00e1 todas las cuentas p\u00fablicas ni bien asuma y las provincias van a sentir la repercusi\u00f3n. Pero hay ajustes que ya se [&hellip;]<\/p>\n","protected":false},"author":2,"featured_media":3314,"comment_status":"open","ping_status":"open","sticky":true,"template":"","format":"standard","meta":[],"categories":[47],"tags":[],"_links":{"self":[{"href":"https:\/\/pasaenmendoza.com\/index.php?rest_route=\/wp\/v2\/posts\/3311"}],"collection":[{"href":"https:\/\/pasaenmendoza.com\/index.php?rest_route=\/wp\/v2\/posts"}],"about":[{"href":"https:\/\/pasaenmendoza.com\/index.php?rest_route=\/wp\/v2\/types\/post"}],"author":[{"embeddable":true,"href":"https:\/\/pasaenmendoza.com\/index.php?rest_route=\/wp\/v2\/users\/2"}],"replies":[{"embeddable":true,"href":"https:\/\/pasaenmendoza.com\/index.php?rest_route=%2Fwp%2Fv2%2Fcomments&post=3311"}],"version-history":[{"count":1,"href":"https:\/\/pasaenmendoza.com\/index.php?rest_route=\/wp\/v2\/posts\/3311\/revisions"}],"predecessor-version":[{"id":3315,"href":"https:\/\/pasaenmendoza.com\/index.php?rest_route=\/wp\/v2\/posts\/3311\/revisions\/3315"}],"wp:featuredmedia":[{"embeddable":true,"href":"https:\/\/pasaenmendoza.com\/index.php?rest_route=\/wp\/v2\/media\/3314"}],"wp:attachment":[{"href":"https:\/\/pasaenmendoza.com\/index.php?rest_route=%2Fwp%2Fv2%2Fmedia&parent=3311"}],"wp:term":[{"taxonomy":"category","embeddable":true,"href":"https:\/\/pasaenmendoza.com\/index.php?rest_route=%2Fwp%2Fv2%2Fcategories&post=3311"},{"taxonomy":"post_tag","embeddable":true,"href":"https:\/\/pasaenmendoza.com\/index.php?rest_route=%2Fwp%2Fv2%2Ftags&post=3311"}],"curies":[{"name":"wp","href":"https:\/\/api.w.org\/{rel}","templated":true}]}}