{"id":3316,"date":"2023-11-27T13:55:01","date_gmt":"2023-11-27T12:55:01","guid":{"rendered":"https:\/\/pasaenmendoza.com\/?p=3316"},"modified":"2023-11-27T13:55:02","modified_gmt":"2023-11-27T12:55:02","slug":"peti-lombardi-al-post-por-las-paso-y-las-redes-sociales-ya-no-hay-partidos-grandes","status":"publish","type":"post","link":"https:\/\/pasaenmendoza.com\/?p=3316","title":{"rendered":"Peti Lombardi al Post: &#8220;Por las PASO y las redes sociales ya no hay partidos grandes&#8221;"},"content":{"rendered":"\n<p>La sorpresiva victoria de\u00a0Javier Milei, la atomizaci\u00f3n de la oferta electoral en las elecciones provinciales, la performance menos dominante de la Uni\u00f3n C\u00edvica Radical y del peronismo han reconfigurado el mapa pol\u00edtico en Mendoza y a nivel nacional.<\/p>\n\n\n\n<p>Este giro, esta din\u00e1mica ha puesto a los partidos grandes en guardia, aunque al menos en la UCR de Cambia Mendoza no los ha sorprendido.<\/p>\n\n\n\n<p>As\u00ed lo refleja\u00a0<strong>Andr\u00e9s Peti Lombardi<\/strong>, hombre fuerte de Cambia Mendoza presidiendo la C\u00e1mara de Diputados en los \u00faltimos 4 a\u00f1os, y quien la presidir\u00e1 4 a\u00f1os m\u00e1s, con un plus: adem\u00e1s ya es el nuevo presidente de la Uni\u00f3n C\u00edvica Radical Mendoza.<\/p>\n\n\n\n<p>Para Peti Lombardi, como todos lo conocen, ya no hay partidos pol\u00edticos con un apoyo de m\u00e1s del 50% de los votos. Para \u00e9l, una reforma electoral clave y las nuevas formas de comunicaci\u00f3n han cambiado el panorama para siempre.<\/p>\n\n\n\n<p>Asum\u00eds la presidencia de la UCR Mendoza en un momento desafiante. Las \u00faltimas elecciones demostraron que hay una franja de j\u00f3venes y no tan j\u00f3venes, de 40 a\u00f1os para abajo, que busca y elige referentes pol\u00edticos nuevos. \u00bfCrees que, a los grandes partidos, al radicalismo y al peronismo, se les qued\u00f3 atr\u00e1s el tema de la juventud o es un cambio de \u00e9poca y de moda dif\u00edcil de abordar?<\/p>\n\n\n\n<p>Creo que hay un mix de cosas que atentan contra el modelo tradicional de partidos pol\u00edticos que nosotros ten\u00edamos. Ahora hay un proceso de boleta \u00fanica en las PASO para definir candidaturas, lo que pone m\u00e1s el foco en la sociedad, como si fueran elecciones generales.<\/p>\n\n\n\n<p>Ya no son las estructuras partidarias las que nominan a los candidatos definitivos, sino que es la sociedad, a trav\u00e9s de las PASO, la que define los candidatos, por lo que se invierte esa capacidad, ese derecho a nominar los candidatos que antes ten\u00edan s\u00f3lo los partidos.<\/p>\n\n\n\n<p>Ya no es el partido el que tiene esa capacidad de construcci\u00f3n<\/p>\n\n\n\n<p>Exactamente, es la sociedad la que elige dentro del partido, entonces deja de tener importancia la construcci\u00f3n permanente de la estructura pol\u00edtico partidaria que hab\u00eda antes.<\/p>\n\n\n\n<p>El otro tema que ocurre, es la proliferaci\u00f3n de las redes sociales y la configuraci\u00f3n de los algoritmos, que nos llevan a que cada uno consuma mensajes de lo que a uno le hace sentir mejor, es decir, de las personas que piensan como nosotros. Hablo del que tiene los mismos gustos para comprar comida, para hacer deporte o no hacer deporte, o para comprar tal o cual cosa, y esto igual funciona para el que consume las mismas ideas pol\u00edticas y eso lleva a una microsegmentaci\u00f3n cada vez mayor.<\/p>\n\n\n\n<p>Entonces, ya no existen los partidos grandes que representan al 50% o al 60% por ciento de la poblaci\u00f3n y que tienen una estructuraci\u00f3n nacional, sino que hay una micro segmentaci\u00f3n en donde se empiezan a conformar frentes de gente que piensa m\u00e1s o menos similar.<\/p>\n\n\n\n<p>Esto, en democracias m\u00e1s modernas se ve m\u00e1s claramente, porque son democracias parlamentarias, entonces, para formar gobierno tiene que haber acuerdos entre dos, tres, cuatro o cinco partidos.<\/p>\n\n\n\n<p>En las democracias m\u00e1s presidenciales como la Argentina es m\u00e1s dif\u00edcil de imagin\u00e1rselo y te obliga a conformar frentes. Hace muchos a\u00f1os, d\u00e9cadas, que en Argentina lo que hay es la presentaci\u00f3n de frente electorales.<\/p>\n\n\n\n<p>Juntos por el Cambio es una expresi\u00f3n, y el peronismo, en todas sus variantes, es tambi\u00e9n un frente electoral de un mont\u00f3n de caudillos provinciales donde no tiene nada que ver Axel Kicillof (gobernador de la Provincia de Buenos Aires) con Gerardo Zamora (gobernador de Santiago del Estero), o con los gobernadores como era Sergio U\u00f1ac (gobernador de San Juan), como los Rodr\u00edguez Sa\u00e1 (Adolfo y Alberto, gobernadores de San Luis), o como Gildo Isfr\u00e1n (gobernador de Formosa).<\/p>\n\n\n\n<p>Son cosas distintas, pero conforman un frente electoral que lleva el sello del peronismo que los engloba, pero adentro son cosas totalmente distintas. Entonces, es mucho m\u00e1s genuino Juntos por el Cambio, porque ten\u00e9s un programa com\u00fan y con ese programa te present\u00e1s a elecciones, porque ya no existen m\u00e1s los partidos tradicionales unificados con una capacidad de mando fuerte. Siguen existiendo, pero ya no representan el 50% de la poblaci\u00f3n.<\/p>\n\n\n\n<p>Cambiaron los tiempos.<\/p>\n\n\n\n<p>Se descuidaron las estructuras partidarias porque el sistema de nominaci\u00f3n dej\u00f3 de estar en el interior de los partidos para estar en la sociedad y porque, adem\u00e1s, hay una micro segmentaci\u00f3n permanente producto del consumo de las redes sociales y los algoritmos.<\/p>\n\n\n\n<p>Hablando del tema de los algoritmos, qu\u00e9 complejo va a ser entonces penetrar en esos p\u00fablicos que no est\u00e1n tan allegados, porque si el algoritmo te da de comer lo que a vos te gusta todo el tiempo, es muy dif\u00edcil que vos veas otro men\u00fa que el algoritmo sospeche que no te va a gustar.<\/p>\n\n\n\n<p>Por eso es que las campa\u00f1as cada vez tienen mayor micro segmentaci\u00f3n de mensajes. Barack Obama lo empez\u00f3 a hacer en Estados Unidos hace dos d\u00e9cadas e iban micro segmentando los mensajes. Entonces, ten\u00edas un mensaje para un lado y para otro, y en algunos lugares hab\u00edan llegado al extremo de cambiar los colores de la campa\u00f1a.<\/p>\n\n\n\n<p>Creo que, si hoy preguntas a la gente por qu\u00e9 vot\u00f3 a Javier Milei, m\u00e1s all\u00e1 de que hay un discurso de ira, de enojo, cuando empez\u00e1s a depurar te encontr\u00e1s que para uno era bueno porque se termina la casta, para otro porque iba pasar a ganar dinero en d\u00f3lares, para otro porque fue siempre ultraliberal, entonces, todos tienen un por qu\u00e9 diferente.<\/p>\n\n\n\n<p>\u00bfO sea, crees que ya hace a\u00f1os el formato de campa\u00f1a tradicional funciona parcialmente y que hay que apuntar con otro formato totalmente distinto en todo el mundo virtual?<\/p>\n\n\n\n<p>Creo que s\u00ed, por eso es muy importante ser m\u00e1s claro en la reconformaci\u00f3n de los frentes, en donde cada uno tenga alguna representaci\u00f3n espec\u00edfica. Por ejemplo, uno representa a los que estamos preocupados por el medio ambiente, otro representa a los que est\u00e1n preocupados por este tema o por este otro.<\/p>\n\n\n\n<p>Esas micro demandas hay que tratar de integrarlas en un \u00fanico frente electoral que lleva adelante esos programas de gobierno, que las contemple. Me parece que eso es lo que viene para las democracias m\u00e1s modernas.<\/p>\n\n\n\n<p>Y aunque no favorece al sistema presidencialista, porque est\u00e1 m\u00e1s pensado para democracias parlamentarias, la influencia de las redes sociales y de la comunicaci\u00f3n est\u00e1n ah\u00ed, cambiando esa realidad.<\/p>\n\n\n\n<p>\u00bfY a la hora de militar hay que pensar en militar a trav\u00e9s de las redes sociales para ir buscando gente a la que quieras llegar con tu mensaje?<\/p>\n\n\n\n<p>Adem\u00e1s del trabajo territorial, que sigue estando vigente, los partidos tienen que tener una estrategia sobre las redes sociales, sobre la comunicaci\u00f3n en las redes sociales, pero no hay que abandonar el trabajo territorial porque es muy importante.<\/p>\n\n\n\n<p>Te lo pregunto porque es dif\u00edcil, sobre todo en redes. Hay que ver si funciona el mensaje o no, si lleg\u00e1s a la gente, si impact\u00e1s, es complejo.<\/p>\n\n\n\n<p>Bueno, vos pod\u00e9s tener un tema muy importante, pero si este tema no aparece en la agenda p\u00fablica vos pod\u00e9s pasarte la vida hablando de ese tema que nadie te va a ver. Pero a lo mejor, en un momento, aparece en la agenda p\u00fablica y listo, saltaste en popularidad y en intenci\u00f3n de voto.<\/p>\n\n\n\n<p>Los temas m\u00e1s habituales que aparecen en la agenda p\u00fablica son econom\u00eda y seguridad. Estamos frente a una gran crisis econ\u00f3mica y bueno, la gente escucha los canales de econom\u00eda. Entonces, escuchaban a Milei porque hablaba de econom\u00eda, hablaba de los problemas de la gente.<\/p>\n\n\n\n<p>A Massa lo empezaron a escuchar cuando empez\u00f3 a hablar de econom\u00eda, m\u00e1s all\u00e1 de que no era cre\u00edble que el ministro de Econom\u00eda que nos tiene con 140 por ciento de inflaci\u00f3n, con m\u00e1s del 40% de la poblaci\u00f3n por debajo de la pobreza fuera solucionar el problema de la econom\u00eda, pero la gente lo empez\u00f3 a escuchar cuando se puso a hablar de econom\u00eda.<\/p>\n\n\n\n<p>Claro, esto de la cantidad de pesos que imprime el Banco Central pod\u00e9s hablarlo toda la vida y es importante, pero pasa sin pena ni gloria, salvo que estemos pasando por una crisis inflacionaria como ahora.<\/p>\n\n\n\n<p>Exacto. La seguridad es otro de los temas que suele suceder, porque de repente ocurre algo y empieza el problema de la seguridad, de repente ten\u00e9s un crimen resonante, que suena mucho, que es muy violento y todo el mundo empieza a hablar de la seguridad.<\/p>\n\n\n\n<p>Y la verdad es que cuando vas al dato objetivo es un homicidio m\u00e1s, pero con mucho impacto medi\u00e1tico y con mucho impacto social, te pone el tema de seguridad primero en la agenda p\u00fablica y entonces, ah\u00ed la gente identifica qui\u00e9n es el que habla de seguridad.<\/p>\n\n\n\n<p>\u00bfComo presidente de la UCR, pens\u00e1s que tienen que ir a buscar a los j\u00f3venes de otra manera para tentarlos a que participen en pol\u00edtica?<\/p>\n\n\n\n<p>Hay que tener una estrategia de fomentar que los j\u00f3venes busquen a los j\u00f3venes, pues son los j\u00f3venes los que tienen el mismo lenguaje y son los que pueden llegar m\u00e1s f\u00e1cilmente y creo.<\/p>\n\n\n\n<p>Creo que el radicalismo en Mendoza lleva 8 a\u00f1os de gobierno a nivel provincial, conduce muchos municipios y la gente vota a la UCR, a Cambia Mendoza, porque tiene buenas gestiones.<\/p>\n\n\n\n<p>Entonces, hay que focalizar mucho el mensaje en la capacidad de realizar buenas gestiones. Hay que poner el foco en tener una combinaci\u00f3n de dirigentes pol\u00edticos j\u00f3venes con capacidades t\u00e9cnicas, Cambia Mendoza se tiene que concentrar en las buenas gestiones.<\/p>\n\n\n\n<p>Eso implica tener un buen diagn\u00f3stico de las demandas de la sociedad, dar una buena respuesta a esas demandas, llevarla a la pr\u00e1ctica, ser eficiente en el uso de los recursos para cubrir la mayor cantidad demandas posibles, tenerlas identificadas y ser claros en que responsabilidad tiene cada nivel de gobierno.<\/p>\n\n\n\n<p>Porque un gobierno provincial no puede solucionar el problema de la inflaci\u00f3n, pero s\u00ed puede solucionar el problema de que tengamos mejor educaci\u00f3n, mejor atenci\u00f3n en los hospitales p\u00fablicos, si puede ayudar a mejorar los \u00edndices de seguridad, por lo menos en los \u00edndices de delitos graves, en todo eso s\u00ed.<\/p>\n\n\n\n<p>Bueno, pero las crisis nacionales igual impactan.<\/p>\n\n\n\n<p>Por supuesto que impacta la cuesti\u00f3n nacional. Cuando hay situaciones de crisis econ\u00f3mica los delitos menores aumentan y eso exige mayor respuesta.<\/p>\n\n\n\n<p>Tambi\u00e9n hay una mayor demanda de salud p\u00fablica con la gente que no tiene obra social y hay que atender esa mayor demanda. Eso implica reforzar el sistema de salud p\u00fablica cuando hay crisis econ\u00f3mica.<\/p>\n\n\n\n<p>Del mismo modo, hay probablemente un corrimiento de la educaci\u00f3n privada hacia la educaci\u00f3n p\u00fablica, entonces hay que mejorar la oferta de educaci\u00f3n p\u00fablica.<\/p>\n\n\n\n<p>Todos esos son los impactos que tiene una gesti\u00f3n provincial producto de un problema econ\u00f3mico que no lo maneja la provincia sino un gobierno nacional, que es el que tiene las herramientas y hay que tener una perspectiva m\u00e1s integral de c\u00f3mo nosotros vamos cubriendo eso.<\/p>\n\n\n\n<p>De igual forma pasa a nivel provincial en relaci\u00f3n con los niveles municipales. Cuando se satura la cobertura del sistema de salud p\u00fablico provincial, los municipios tienen que ayudar con centros de salud locales; lo mismo con la seguridad, con c\u00e1maras de seguridad, con las guardias urbanas o preventores.<\/p>\n\n\n\n<p>Hay que estar atento a esas cosas y para eso necesitamos formar buenos dirigentes con capacidad de visi\u00f3n, pero adem\u00e1s con capacidad t\u00e9cnica para gestionar.<\/p>\n\n\n\n<p>\u00bfHay que eliminar las PASO, teniendo en cuenta la cantidad de veces que la gente tiene que ir a votar y adem\u00e1s el fuerte ausentismo que se registr\u00f3?<\/p>\n\n\n\n<p>Creo que Mendoza ha ido mejorando en leyes que tienen que ver con lo electoral. Mendoza incorpor\u00f3 ficha limpia, fij\u00f3 por ley la fecha de las elecciones, tiene las PASO por ley, tambi\u00e9n el tema de la extinci\u00f3n de dominio, lo cual mejora la calidad de los dirigentes y obliga a que los partidos tengan mejores candidatos y dirigentes.<\/p>\n\n\n\n<p>Ahora, sobre la eliminaci\u00f3n de las PASO que me preguntas, la verdad es que no hay ning\u00fan sistema perfecto como para decir, vamos a ir a este sistema. Las PASO han ayudado un mont\u00f3n en esto de trasladar a la sociedad la posibilidad de nominar los candidatos de los partidos y no quedar presa de lo que los partidos ofrezcan unilateralmente si no hubiese PASO.<\/p>\n\n\n\n<p>Sin embargo, \u00bfeso implica que tenga que ir a votar seis o siete veces en un proceso electoral como se dio en 2023?: Y s\u00ed, en algunos casos sucede eso. Quiz\u00e1 habr\u00eda que estudiar otro sistema, no tendr\u00edamos que estar negados a aceptar esa discusi\u00f3n para buscar un sistema mejor, pero a partir de una discusi\u00f3n objetiva poniendo sobre la mesa los pro y los contra.<\/p>\n\n\n\n<p>Por ejemplo: \u00bftiene sentido hacer las PASO en aquellos frentes electorales que no tienen competencias hacia su interior? Y, a priori, no. No parece tener mucho sentido. A lo mejor no tendr\u00edan que ser obligatorias y permitir que vayan a votar los que se sienten movilizados. Me parece que hay que pensarlo, hay muchos ejemplos en el mundo y hay que ponerse a estudiarlos, no vas a encontrar un modelo perfecto.<\/p>\n\n\n\n<p>\u00bfC\u00f3mo se rearma Cambia Mendoza despu\u00e9s de que sufri\u00f3 la partida de Omar De Marchi con una facci\u00f3n del PRO, del Partido Dem\u00f3crata y la Coalici\u00f3n C\u00edvica? \u00bfVa a tener una nueva configuraci\u00f3n y qu\u00e9 panorama enfrentan en la Legislatura?<\/p>\n\n\n\n<p>La idea de Cambia Mendoza sigue vigente. Lo que se ha ido son algunas expresiones del PRO, de la Coalici\u00f3n C\u00edvica y del Partido Dem\u00f3crata, que han terminado confluyendo en un proyecto personal, digamos, no en un proyecto colectivo.<\/p>\n\n\n\n<p>Hay que reivindicar el esp\u00edritu frentista que hemos tenido desde la creaci\u00f3n de Cambia Mendoza en adelante, mantener la puerta abierta para todos aquellos que quieran participar y suscriban un programa de gobierno.<\/p>\n\n\n\n<p>\u00bfQu\u00e9 programa de gobierno?<\/p>\n\n\n\n<p>Un programa de gobierno que tiene que ver con tener mejores servicios p\u00fablicos, con tener un gasto controlado, tener equilibrio presupuestario y tender a una reducci\u00f3n de impuestos en forma paulatina, en l\u00edneas generales.<\/p>\n\n\n\n<p>\u00bfY con la Legislatura que va a pasar?<\/p>\n\n\n\n<p>Bueno, Cambia Mendoza va a seguir teniendo m\u00e1s o menos la misma cantidad de legisladores, un poquito por arriba del 50%, lo que se modifica es la oposici\u00f3n.<\/p>\n\n\n\n<p>Hasta ahora, la oposici\u00f3n estaba unificada en un solo bloque y hoy est\u00e1 m\u00e1s dispersa y esta dispersi\u00f3n va a significar una mejora en el debate, en el sentido de que cuando uno ten\u00eda el bloque del oficialismo y un solo bloque la oposici\u00f3n, primaba el juego de oficialismo y de oposici\u00f3n, entonces si el oficialismo dec\u00eda blanco la oposici\u00f3n dec\u00eda negro.<\/p>\n\n\n\n<p>Ahora. al tener la oposici\u00f3n m\u00e1s dividida, vamos a discutir el blanco, si es m\u00e1s o menos blanco, y bueno, vamos a discutir la idea. Creo que ah\u00ed es donde va a haber una mejora del debate y creo que le va a hacer bien a Mendoza.<\/p>\n\n\n\n<p>FUENTE: Mendozapost.<\/p>\n","protected":false},"excerpt":{"rendered":"<p>La sorpresiva victoria de\u00a0Javier Milei, la atomizaci\u00f3n de la oferta electoral en las elecciones provinciales, la performance menos dominante de la Uni\u00f3n C\u00edvica Radical y del peronismo han reconfigurado el mapa pol\u00edtico en Mendoza y a nivel nacional. Este giro, esta din\u00e1mica ha puesto a los partidos grandes en guardia, aunque al menos en la [&hellip;]<\/p>\n","protected":false},"author":2,"featured_media":3318,"comment_status":"open","ping_status":"open","sticky":true,"template":"","format":"standard","meta":[],"categories":[47],"tags":[],"_links":{"self":[{"href":"https:\/\/pasaenmendoza.com\/index.php?rest_route=\/wp\/v2\/posts\/3316"}],"collection":[{"href":"https:\/\/pasaenmendoza.com\/index.php?rest_route=\/wp\/v2\/posts"}],"about":[{"href":"https:\/\/pasaenmendoza.com\/index.php?rest_route=\/wp\/v2\/types\/post"}],"author":[{"embeddable":true,"href":"https:\/\/pasaenmendoza.com\/index.php?rest_route=\/wp\/v2\/users\/2"}],"replies":[{"embeddable":true,"href":"https:\/\/pasaenmendoza.com\/index.php?rest_route=%2Fwp%2Fv2%2Fcomments&post=3316"}],"version-history":[{"count":1,"href":"https:\/\/pasaenmendoza.com\/index.php?rest_route=\/wp\/v2\/posts\/3316\/revisions"}],"predecessor-version":[{"id":3319,"href":"https:\/\/pasaenmendoza.com\/index.php?rest_route=\/wp\/v2\/posts\/3316\/revisions\/3319"}],"wp:featuredmedia":[{"embeddable":true,"href":"https:\/\/pasaenmendoza.com\/index.php?rest_route=\/wp\/v2\/media\/3318"}],"wp:attachment":[{"href":"https:\/\/pasaenmendoza.com\/index.php?rest_route=%2Fwp%2Fv2%2Fmedia&parent=3316"}],"wp:term":[{"taxonomy":"category","embeddable":true,"href":"https:\/\/pasaenmendoza.com\/index.php?rest_route=%2Fwp%2Fv2%2Fcategories&post=3316"},{"taxonomy":"post_tag","embeddable":true,"href":"https:\/\/pasaenmendoza.com\/index.php?rest_route=%2Fwp%2Fv2%2Ftags&post=3316"}],"curies":[{"name":"wp","href":"https:\/\/api.w.org\/{rel}","templated":true}]}}