{"id":3322,"date":"2023-11-27T14:04:12","date_gmt":"2023-11-27T13:04:12","guid":{"rendered":"https:\/\/pasaenmendoza.com\/?p=3322"},"modified":"2023-11-27T14:04:13","modified_gmt":"2023-11-27T13:04:13","slug":"empresarios-optimistas-pero-alertas-por-la-obra-publica-ya-hay-despidos-en-la-construccion","status":"publish","type":"post","link":"https:\/\/pasaenmendoza.com\/?p=3322","title":{"rendered":"Empresarios optimistas pero alertas por la obra p\u00fablica: &#8220;ya hay despidos en la construcci\u00f3n&#8221;"},"content":{"rendered":"\n<p>El textual pertenece al presidente de la delegaci\u00f3n Mendoza de la C\u00e1mara Argentina de la Construcci\u00f3n, Jos\u00e9 Candeloro, que estuvo el domingo en los estudios de Canal 7 junto a otros referentes<\/p>\n\n\n\n<p>Empresarios y representantes de diversos sectores de la econom\u00eda mendocina participaron el domingo del programa\u00a0<strong>&#8220;C\u00edrculo Rojo&#8221;<\/strong>, de Canal 7, y expresaron\u00a0<strong>optimismo y a la vez preocupaci\u00f3n<\/strong>\u00a0por la Argentina que viene.<\/p>\n\n\n\n<p>\u201c<strong>Soy optimista, tiene que haber un cambio y el pueblo debe apoyar<\/strong>\u201d, sentenci\u00f3 el presidente de la delegaci\u00f3n Mendoza de la C\u00e1mara Argentina de la Construcci\u00f3n,<strong>&nbsp;Jos\u00e9 Candeloro<\/strong>.<\/p>\n\n\n\n<p>Sobre la pol\u00e9mica generada por la menci\u00f3n del\u00a0<strong>presidente electo Javier Milei<\/strong>\u00a0al\u00a0sistema chileno de obra p\u00fablica, el empresario asegur\u00f3 que \u201c<strong>en Chile la obra privada es un 10% y lo dem\u00e1s es obra p\u00fablica<\/strong>; primero ten\u00e9s que mejorar la macro y eso va a llevar dos a\u00f1os\u201d, sigui\u00f3.<\/p>\n\n\n\n<p>El fen\u00f3meno Milei fue otro de los temas que se trat\u00f3, sobre todo por la reacci\u00f3n internacional que caus\u00f3 su triunfo, logrando saludos de personalidades como&nbsp;<strong>Elon Musk, Donald Trump y el Papa Francisco<\/strong>, adem\u00e1s de la reacci\u00f3n positiva de los mercados con una&nbsp;<strong>disparada en las acciones de empresas argentinas<\/strong>&nbsp;en todas las bolsas del mundo y un descenso del riesgo pa\u00eds.<\/p>\n\n\n\n<p>\u201c<strong>Yo hablaba con mis trabajadores y me dec\u00edan que iban a votar a Milei<\/strong>\u201d, cerr\u00f3 el empresario de la construcci\u00f3n.<\/p>\n\n\n\n<h2 class=\"wp-block-heading\">Preocupaci\u00f3n por obras que podr\u00edan parar<\/h2>\n\n\n\n<p>Tambi\u00e9n pas\u00f3 por el set de El Siete el director de la Corporaci\u00f3n del Sur,&nbsp;<strong>Dalmiro Barbeito<\/strong>, quien puntualiz\u00f3&nbsp;<strong>obras transcendentes que podr\u00edan verse afectadas<\/strong>: \u201cSe est\u00e1n construyendo 2.000 viviendas con fondos nacionales\u201d, dijo.<\/p>\n\n\n\n<p>Confirm\u00f3 el dato que aport\u00f3 Candeloro, ya que a su criterio \u201c<strong>puede haber muchos despidos&#8221;<\/strong>. Las empresas -asegur\u00f3- est\u00e1n mandando telegramas desde que se anunci\u00f3 la &#8220;obra p\u00fablica cero&#8221;.<\/p>\n\n\n\n<p>Sin embargo, Barbeito tambi\u00e9n fue optimista en el an\u00e1lisis final: \u201d<strong>Ten\u00eda que venir un cambio, no s\u00e9 si tan dr\u00e1stico, pero no se puede seguir con un 140% de inflaci\u00f3n<\/strong>\u201d.<\/p>\n\n\n\n<h2 class=\"wp-block-heading\">Vargas Arizu est\u00e1 &#8220;a disposici\u00f3n para ser funcionario&#8221;<\/h2>\n\n\n\n<p>El empresario bodeguero&nbsp;<strong>Rodolfo Vargas Arizu<\/strong>&nbsp;fue parte del segundo bloque de este programa dedicado \u00edntegramente a desmenuzar la semana posterior a las elecciones.<\/p>\n\n\n\n<p>Vargas Arizu reconoci\u00f3 que podr\u00eda ocupar un cargo en provincia o la Naci\u00f3n: \u201c<strong>estoy a disposici\u00f3n para ser funcionario, pero no lo decido yo<\/strong>. Venimos a aportar ideas no cargos. Esta semana se va a saber\u201d.<\/p>\n\n\n\n<p>Advirti\u00f3 que \u201chay un gran trabajo por delante, es un tema de confianza, el poder pol\u00edtico tiene que ir con respaldo privado\u201d.<\/p>\n\n\n\n<p>Fue cr\u00edtico con la gesti\u00f3n econ\u00f3mica al afirmar \u201c<strong>hasta hace dos semanas hab\u00eda un d\u00f3lar a $300 para las empresas, as\u00ed no se pod\u00eda exportar<\/strong>\u201d. Metido en la pol\u00e9mica por las privatizaciones, Vargas Arizu dijo que&nbsp;<strong>\u201ca YPF hay que modernizarla, no puede ser acci\u00f3n social\u201d<\/strong>.<\/p>\n\n\n\n<p>Asegur\u00f3 que \u201c<strong>el endeudamiento empresario en Mendoza es del 7% del PBI, en el mundo est\u00e1 en el orden del 100% por la confianza<\/strong>\u201d.<\/p>\n\n\n\n<h2 class=\"wp-block-heading\">Vientos de cambio<\/h2>\n\n\n\n<p>El gerente general de la Fundaci\u00f3n ProMendoza,&nbsp;<strong>Mario L\u00e1zzaro<\/strong>, aport\u00f3 lo suyo al env\u00edo que&nbsp;<strong>sale todos los domingos<\/strong>&nbsp;por la pantalla de El Siete: \u201cEl comercio exterior est\u00e1 frenado por la cantidad de regulaciones, no hay certezas y tener certeza permite que exista inversi\u00f3n\u201d, consider\u00f3.<\/p>\n\n\n\n<p><strong>Valor\u00f3 el aliado que significa Brasil<\/strong>&nbsp;aunque destac\u00f3 que \u201cnos falta mayor promoci\u00f3n y marketing en ese pa\u00eds vecino y socio fundamental\u201d.<\/p>\n\n\n\n<p>En cuanto al d\u00f3lar comercial dijo que&nbsp;<strong>\u201ca $620 est\u00e1 c\u00f3modo\u201d<\/strong>. Tambi\u00e9n se meti\u00f3 con la posibilidad de privatizar recursos estrat\u00e9gicos<\/p>\n\n\n\n<p>\u201c<strong>YPF es una empresa privada, si se privatiza en buenas condiciones al valor que tiene que tener, es rentable<\/strong>\u201d, analiz\u00f3.<\/p>\n\n\n\n<p>Por \u00faltimo, ocup\u00f3 una silla en el &#8220;C\u00edrculo Rojo&#8221; uno de los integrantes de la Uni\u00f3n Frutihort\u00edcola Argentina,&nbsp;<strong>Nahuel Carrasco<\/strong>. \u201cEl sector est\u00e1 castigado, se est\u00e1 necesitando una ayuda que no llega y necesitamos que nos saquen de encima las regulaciones que tenemos\u201d, dispar\u00f3 el productor.<\/p>\n\n\n\n<p>Advirti\u00f3 que\u00a0<strong>\u201clo que encarece el producto es la log\u00edstica\u201d<\/strong>\u00a0y trajo a debate los posibles aumentos del combustible en un futuro cercano. Carrasco tambi\u00e9n coincidi\u00f3 con el resto los panelistas en mostrarse optimista,\u00a0<strong>\u201cen las ferias hay un \u00e1nimo optimista pero con incertidumbre, lo que se necesita es previsibilidad\u201d<\/strong>, evalu\u00f3.<\/p>\n\n\n\n<p>FUENTE: Diariouno.com.ar <\/p>\n","protected":false},"excerpt":{"rendered":"<p>El textual pertenece al presidente de la delegaci\u00f3n Mendoza de la C\u00e1mara Argentina de la Construcci\u00f3n, Jos\u00e9 Candeloro, que estuvo el domingo en los estudios de Canal 7 junto a otros referentes Empresarios y representantes de diversos sectores de la econom\u00eda mendocina participaron el domingo del programa\u00a0&#8220;C\u00edrculo Rojo&#8221;, de Canal 7, y expresaron\u00a0optimismo y a [&hellip;]<\/p>\n","protected":false},"author":2,"featured_media":3324,"comment_status":"open","ping_status":"open","sticky":true,"template":"","format":"standard","meta":[],"categories":[47],"tags":[],"_links":{"self":[{"href":"https:\/\/pasaenmendoza.com\/index.php?rest_route=\/wp\/v2\/posts\/3322"}],"collection":[{"href":"https:\/\/pasaenmendoza.com\/index.php?rest_route=\/wp\/v2\/posts"}],"about":[{"href":"https:\/\/pasaenmendoza.com\/index.php?rest_route=\/wp\/v2\/types\/post"}],"author":[{"embeddable":true,"href":"https:\/\/pasaenmendoza.com\/index.php?rest_route=\/wp\/v2\/users\/2"}],"replies":[{"embeddable":true,"href":"https:\/\/pasaenmendoza.com\/index.php?rest_route=%2Fwp%2Fv2%2Fcomments&post=3322"}],"version-history":[{"count":1,"href":"https:\/\/pasaenmendoza.com\/index.php?rest_route=\/wp\/v2\/posts\/3322\/revisions"}],"predecessor-version":[{"id":3325,"href":"https:\/\/pasaenmendoza.com\/index.php?rest_route=\/wp\/v2\/posts\/3322\/revisions\/3325"}],"wp:featuredmedia":[{"embeddable":true,"href":"https:\/\/pasaenmendoza.com\/index.php?rest_route=\/wp\/v2\/media\/3324"}],"wp:attachment":[{"href":"https:\/\/pasaenmendoza.com\/index.php?rest_route=%2Fwp%2Fv2%2Fmedia&parent=3322"}],"wp:term":[{"taxonomy":"category","embeddable":true,"href":"https:\/\/pasaenmendoza.com\/index.php?rest_route=%2Fwp%2Fv2%2Fcategories&post=3322"},{"taxonomy":"post_tag","embeddable":true,"href":"https:\/\/pasaenmendoza.com\/index.php?rest_route=%2Fwp%2Fv2%2Ftags&post=3322"}],"curies":[{"name":"wp","href":"https:\/\/api.w.org\/{rel}","templated":true}]}}