{"id":3323,"date":"2023-11-27T14:06:28","date_gmt":"2023-11-27T13:06:28","guid":{"rendered":"https:\/\/pasaenmendoza.com\/?p=3323"},"modified":"2023-11-27T14:06:29","modified_gmt":"2023-11-27T13:06:29","slug":"confirman-que-el-incendio-en-el-pedemonte-fue-intencional-el-dano-ambiental-es-muy-grave","status":"publish","type":"post","link":"https:\/\/pasaenmendoza.com\/?p=3323","title":{"rendered":"Confirman que el incendio en el pedemonte fue intencional: \u201cEl da\u00f1o ambiental es muy grave\u201d"},"content":{"rendered":"\n<p>El&nbsp;<strong>incendio&nbsp;<\/strong>de importantes caracter\u00edsticas, que se inici\u00f3 el s\u00e1bado por la ma\u00f1ana en la zona del&nbsp;<strong>pedemonte&nbsp;<\/strong>de&nbsp;<strong>El Challao<\/strong>,&nbsp;<mark>consumi\u00f3 alrededor de 3 mil hect\u00e1reas, seg\u00fan las primeras estimaciones de Defensa Civil.&nbsp;<\/mark>El titular del organismo,&nbsp;<strong>Daniel Burrieza<\/strong>, confirm\u00f3 adem\u00e1s de que se trat\u00f3 de un hecho intencional que provoc\u00f3 un grave da\u00f1o ambiental.<\/p>\n\n\n\n<p>Las llamas comenzaron por encima del puesto de agua Las Chilcas y de all\u00ed se dirigieron hacia el oeste, quemando la vegetaci\u00f3n de las quebradas de la zona, con un frente de entre 3 y 5 kil\u00f3metros.<\/p>\n\n\n\n<p>\u201c<em>El da\u00f1o ambiental producido es muy grave. Hemos confirmado que el foco inicial fue intencional, ya que no hubo ning\u00fan rayo, ni ca\u00edda de un cable con electricidad. Es evidente que estuvo involucrada la mano del hombre<\/em>\u201c, explic\u00f3 Burrieza.<\/p>\n\n\n\n<p>El funcionario agreg\u00f3 que este domingo se realiz\u00f3 un control de los \u201cpuntos calientes\u201d de la zona afectada, pa<mark>ra analizar si es necesaria la intervenci\u00f3n de cuerpos de brigadistas o apoyo a\u00e9reo en alg\u00fan sector.<\/mark><\/p>\n\n\n\n<p>Tras esto, enviaron al avi\u00f3n hidrante para atacar de forma directa algunos puntos calientes de menor envergadura, con el objetivo de evitar una reactivaci\u00f3n del incendio.<\/p>\n\n\n\n<p>\u201c<em>La cuadrilla que va por tierra detect\u00f3 actividad en un punto del per\u00edmetro y est\u00e1n realizando tareas de acci\u00f3n directa. Se acaba de despachar el avi\u00f3n hidrante para realizar disparos en la zona. Posteriormente, se realizar\u00e1 un vuelo de reconocimiento y, si el terreno lo permite, se trasladar\u00e1 una cuadrilla helitransportada para apoyar las acciones que se est\u00e1n realizando por tierra<\/em>\u201c, explic\u00f3 El coordinador del Plan Provincial de Manejo del Fuego, Diego Mart\u00ed.<\/p>\n\n\n\n<p>El equipo que trabaj\u00f3 durante el s\u00e1bado para combatir las llamas estuvo compuesto de&nbsp;<strong>20 brigadistas del Plan Provincial del Manejo del Fuego<\/strong>&nbsp;y un grupo de 25 bomberos que ven\u00edan del Cuartel Central, y los cuarteles de Guaymall\u00e9n, Las Heras y Godoy Cruz.<\/p>\n\n\n\n<p>Adem\u00e1s, se cont\u00f3 con el apoyo a\u00e9reo del avi\u00f3n hidrante de Naci\u00f3n -que realiz\u00f3 cinco vuelos sobre la zona- y del helic\u00f3ptero del Plan Nacional del Manejo del Fuego, que tuvo 12 intervenciones durante la jornada.<\/p>\n\n\n\n<p>El incendio comenz\u00f3 en la ma\u00f1ana del s\u00e1bado y las primeras alertas fueron recibidas por la Comisar\u00eda 43 de Las Heras, que informaban sobre una columna de humo en la zona norte del Cerro Arco. El personal policial se despleg\u00f3 para verificar la situaci\u00f3n y localiz\u00f3 un incendio de considerables dimensiones.<\/p>\n\n\n\n<p><strong>Fuente: www.elsol.com.ar<\/strong><\/p>\n","protected":false},"excerpt":{"rendered":"<p>El&nbsp;incendio&nbsp;de importantes caracter\u00edsticas, que se inici\u00f3 el s\u00e1bado por la ma\u00f1ana en la zona del&nbsp;pedemonte&nbsp;de&nbsp;El Challao,&nbsp;consumi\u00f3 alrededor de 3 mil hect\u00e1reas, seg\u00fan las primeras estimaciones de Defensa Civil.&nbsp;El titular del organismo,&nbsp;Daniel Burrieza, confirm\u00f3 adem\u00e1s de que se trat\u00f3 de un hecho intencional que provoc\u00f3 un grave da\u00f1o ambiental. Las llamas comenzaron por encima del puesto [&hellip;]<\/p>\n","protected":false},"author":2,"featured_media":3327,"comment_status":"open","ping_status":"open","sticky":false,"template":"","format":"standard","meta":[],"categories":[50],"tags":[],"_links":{"self":[{"href":"https:\/\/pasaenmendoza.com\/index.php?rest_route=\/wp\/v2\/posts\/3323"}],"collection":[{"href":"https:\/\/pasaenmendoza.com\/index.php?rest_route=\/wp\/v2\/posts"}],"about":[{"href":"https:\/\/pasaenmendoza.com\/index.php?rest_route=\/wp\/v2\/types\/post"}],"author":[{"embeddable":true,"href":"https:\/\/pasaenmendoza.com\/index.php?rest_route=\/wp\/v2\/users\/2"}],"replies":[{"embeddable":true,"href":"https:\/\/pasaenmendoza.com\/index.php?rest_route=%2Fwp%2Fv2%2Fcomments&post=3323"}],"version-history":[{"count":1,"href":"https:\/\/pasaenmendoza.com\/index.php?rest_route=\/wp\/v2\/posts\/3323\/revisions"}],"predecessor-version":[{"id":3328,"href":"https:\/\/pasaenmendoza.com\/index.php?rest_route=\/wp\/v2\/posts\/3323\/revisions\/3328"}],"wp:featuredmedia":[{"embeddable":true,"href":"https:\/\/pasaenmendoza.com\/index.php?rest_route=\/wp\/v2\/media\/3327"}],"wp:attachment":[{"href":"https:\/\/pasaenmendoza.com\/index.php?rest_route=%2Fwp%2Fv2%2Fmedia&parent=3323"}],"wp:term":[{"taxonomy":"category","embeddable":true,"href":"https:\/\/pasaenmendoza.com\/index.php?rest_route=%2Fwp%2Fv2%2Fcategories&post=3323"},{"taxonomy":"post_tag","embeddable":true,"href":"https:\/\/pasaenmendoza.com\/index.php?rest_route=%2Fwp%2Fv2%2Ftags&post=3323"}],"curies":[{"name":"wp","href":"https:\/\/api.w.org\/{rel}","templated":true}]}}