{"id":3334,"date":"2023-11-27T16:21:37","date_gmt":"2023-11-27T15:21:37","guid":{"rendered":"https:\/\/pasaenmendoza.com\/?p=3334"},"modified":"2023-11-27T16:21:38","modified_gmt":"2023-11-27T15:21:38","slug":"murio-ahogado-un-hombre-arrastrado-por-la-corriente-del-cacique-guaymallen","status":"publish","type":"post","link":"https:\/\/pasaenmendoza.com\/?p=3334","title":{"rendered":"Muri\u00f3 ahogado un hombre arrastrado por la corriente del Cacique Guaymall\u00e9n"},"content":{"rendered":"\n<p>Un hombre de 34 a\u00f1os muri\u00f3 la tarde de este pasado domingo  luego de ser arrastrado por la corriente del cauce del zanj\u00f3n cacique Guaymall\u00e9n. De acuerdo con testigos, la v\u00edctima se lanz\u00f3 a ba\u00f1arse por las altas temperaturas en el sector ubicado hacia el sur del barrio\u00a0<strong>Ujemvi<\/strong>, en el l\u00edmite con Las Heras, y termin\u00f3 \u201cahog\u00e1ndose\u201d.<\/p>\n\n\n\n<p>La informaci\u00f3n se\u00f1ala que las autoridades tomaron conocimiento del hecho antes de las 18, cuando ingres\u00f3 un llamado al 911 describiendo la tragedia.<\/p>\n\n\n\n<p>Contaron que\u00a0<strong>Daniel Jonathan Videla<\/strong>\u00a0hab\u00eda llegado con su pareja y sus cinco hijos menores y decidi\u00f3 ba\u00f1arse en el citado sector, hacia el sur del barrio Ujemvi de Las Heras. En ese momento, fue arrastrado por causas que son motivo de investigaci\u00f3n.<\/p>\n\n\n\n<p>Personal policial y de bomberos tomaron conocimiento del caso y se iniciaron los trabajos para intentar rescatar a la v\u00edctima. Cuando llegaron hasta la escena, la mujer cont\u00f3 todos los detalles y aport\u00f3 que un grupo de personas que se encontraba a orillas del canal, a la altura de la calle&nbsp;<strong>Paran\u00e1<\/strong>&nbsp;(a dos kil\u00f3metros de donde dejaron de verla), lograron rescatar al cuerpo.<\/p>\n\n\n\n<p>Los uniformados indicaron que tomaron contacto con el cuerpo de la v\u00edctima, que ya hab\u00eda sido retirada del agua, y\u00a0<mark>le practicaron maniobras de RCP durante varios minutos. Sin embargo, se confirm\u00f3 el fallecimiento en el lugar<\/mark>\u00a0antes de las 19.<\/p>\n\n\n\n<p><strong>Fuente: www.elsol.com.ar<\/strong><\/p>\n","protected":false},"excerpt":{"rendered":"<p>Un hombre de 34 a\u00f1os muri\u00f3 la tarde de este pasado domingo luego de ser arrastrado por la corriente del cauce del zanj\u00f3n cacique Guaymall\u00e9n. De acuerdo con testigos, la v\u00edctima se lanz\u00f3 a ba\u00f1arse por las altas temperaturas en el sector ubicado hacia el sur del barrio\u00a0Ujemvi, en el l\u00edmite con Las Heras, y [&hellip;]<\/p>\n","protected":false},"author":2,"featured_media":3335,"comment_status":"open","ping_status":"open","sticky":false,"template":"","format":"standard","meta":[],"categories":[48],"tags":[],"_links":{"self":[{"href":"https:\/\/pasaenmendoza.com\/index.php?rest_route=\/wp\/v2\/posts\/3334"}],"collection":[{"href":"https:\/\/pasaenmendoza.com\/index.php?rest_route=\/wp\/v2\/posts"}],"about":[{"href":"https:\/\/pasaenmendoza.com\/index.php?rest_route=\/wp\/v2\/types\/post"}],"author":[{"embeddable":true,"href":"https:\/\/pasaenmendoza.com\/index.php?rest_route=\/wp\/v2\/users\/2"}],"replies":[{"embeddable":true,"href":"https:\/\/pasaenmendoza.com\/index.php?rest_route=%2Fwp%2Fv2%2Fcomments&post=3334"}],"version-history":[{"count":1,"href":"https:\/\/pasaenmendoza.com\/index.php?rest_route=\/wp\/v2\/posts\/3334\/revisions"}],"predecessor-version":[{"id":3336,"href":"https:\/\/pasaenmendoza.com\/index.php?rest_route=\/wp\/v2\/posts\/3334\/revisions\/3336"}],"wp:featuredmedia":[{"embeddable":true,"href":"https:\/\/pasaenmendoza.com\/index.php?rest_route=\/wp\/v2\/media\/3335"}],"wp:attachment":[{"href":"https:\/\/pasaenmendoza.com\/index.php?rest_route=%2Fwp%2Fv2%2Fmedia&parent=3334"}],"wp:term":[{"taxonomy":"category","embeddable":true,"href":"https:\/\/pasaenmendoza.com\/index.php?rest_route=%2Fwp%2Fv2%2Fcategories&post=3334"},{"taxonomy":"post_tag","embeddable":true,"href":"https:\/\/pasaenmendoza.com\/index.php?rest_route=%2Fwp%2Fv2%2Ftags&post=3334"}],"curies":[{"name":"wp","href":"https:\/\/api.w.org\/{rel}","templated":true}]}}