{"id":3337,"date":"2023-11-27T16:28:25","date_gmt":"2023-11-27T15:28:25","guid":{"rendered":"https:\/\/pasaenmendoza.com\/?p=3337"},"modified":"2023-11-27T16:28:26","modified_gmt":"2023-11-27T15:28:26","slug":"siete-robos-en-72-horas-en-un-complejo-de-la-cuarta-seccion","status":"publish","type":"post","link":"https:\/\/pasaenmendoza.com\/?p=3337","title":{"rendered":"Siete robos en 72 horas en un complejo de la Cuarta Secci\u00f3n"},"content":{"rendered":"\n<p>El\u00a0<strong>Barrio San Antonio<\/strong>, ubicado entre las calles S<strong>anta Fe y Tucum\u00e1n<\/strong>; Jos\u00e9 Federico Moreno y Montecaseros de\u00a0<strong>Ciudad<\/strong>, se ha convertido en un\u00a0<strong>blanco para los delincuentes.<\/strong>\u00a0En los \u00faltimos d\u00edas, varios\u00a0<strong>vecinos fueron v\u00edctimas de robos en sus departamentos<\/strong>.<\/p>\n\n\n\n<p>Los ladrones han trabajado con distintas modalidades y los vecinos aseguran que &#8220;se han cebado&#8221;.&nbsp;<strong>Robos de celulares y el ingreso a algunos de los departamentos ha puesto en alerta a un barrio que sol\u00eda ser tranquilo.<\/strong><\/p>\n\n\n\n<p><strong>Robos en modalidad &#8220;Spiderman&#8221;, con delincuentes trepando por los aires acondicionados hasta los balcones de los pisos m\u00e1s elevados<\/strong>, han llevado a que ni siquiera los vecinos de los pisos m\u00e1s altos se sientan con seguridad.<\/p>\n\n\n\n<p>El barrio cuenta con alarma comunitaria y una comisar\u00eda a solo dos cuadras. Sin embargo, la rapidez de los ladrones y la falta de respuesta de las autoridades policiales han hecho un escenario propicio para los robos.<\/p>\n\n\n\n<p>El viernes por la noche y el s\u00e1bado por la ma\u00f1ana,&nbsp;<strong>inquilinos y propietarios de varios departamentos reportaron robos en sus propiedades<\/strong>. Ladrones se treparon, abrieron las ventanas y sustrajeron tel\u00e9fonos, zapatillas y elementos que encontraron a mano.<\/p>\n\n\n\n<p><strong>El s\u00e1bado por la noche volvi\u00f3 a pasar lo mismo e incluso encontraron a algunos ladrones en pleno robo<\/strong>, sin embargo, lograron escapar. Los vecinos ya dieron la descripci\u00f3n a la polic\u00eda y piden mayor presencia policial en la zona.<\/p>\n\n\n\n<p>Susceptibles por la situaci\u00f3n de inseguridad, en la ma\u00f1ana de este domingo, vecinos activaron la alarma comunitaria debido a la presencia de un sospechoso en la zona. Varios concurrieron al lugar, pero result\u00f3 ser una persona que se encontraba pidiendo ayuda por encontrarse sin trabajo.<\/p>\n\n\n\n<p>&#8220;Es complicado, porque la polic\u00eda demora y estamos todos asustados, capaz que agarramos a alguien que no tiene nada que ver&#8221;, revel\u00f3 un vecino de la zona preocupado ante la situaci\u00f3n de inseguridad que vive el barrio hace d\u00edas.<\/p>\n\n\n\n<p><strong>Fuente: www.mendozapost.com<\/strong><\/p>\n","protected":false},"excerpt":{"rendered":"<p>El\u00a0Barrio San Antonio, ubicado entre las calles Santa Fe y Tucum\u00e1n; Jos\u00e9 Federico Moreno y Montecaseros de\u00a0Ciudad, se ha convertido en un\u00a0blanco para los delincuentes.\u00a0En los \u00faltimos d\u00edas, varios\u00a0vecinos fueron v\u00edctimas de robos en sus departamentos. Los ladrones han trabajado con distintas modalidades y los vecinos aseguran que &#8220;se han cebado&#8221;.&nbsp;Robos de celulares y el [&hellip;]<\/p>\n","protected":false},"author":2,"featured_media":3338,"comment_status":"open","ping_status":"open","sticky":false,"template":"","format":"standard","meta":[],"categories":[48],"tags":[],"_links":{"self":[{"href":"https:\/\/pasaenmendoza.com\/index.php?rest_route=\/wp\/v2\/posts\/3337"}],"collection":[{"href":"https:\/\/pasaenmendoza.com\/index.php?rest_route=\/wp\/v2\/posts"}],"about":[{"href":"https:\/\/pasaenmendoza.com\/index.php?rest_route=\/wp\/v2\/types\/post"}],"author":[{"embeddable":true,"href":"https:\/\/pasaenmendoza.com\/index.php?rest_route=\/wp\/v2\/users\/2"}],"replies":[{"embeddable":true,"href":"https:\/\/pasaenmendoza.com\/index.php?rest_route=%2Fwp%2Fv2%2Fcomments&post=3337"}],"version-history":[{"count":1,"href":"https:\/\/pasaenmendoza.com\/index.php?rest_route=\/wp\/v2\/posts\/3337\/revisions"}],"predecessor-version":[{"id":3339,"href":"https:\/\/pasaenmendoza.com\/index.php?rest_route=\/wp\/v2\/posts\/3337\/revisions\/3339"}],"wp:featuredmedia":[{"embeddable":true,"href":"https:\/\/pasaenmendoza.com\/index.php?rest_route=\/wp\/v2\/media\/3338"}],"wp:attachment":[{"href":"https:\/\/pasaenmendoza.com\/index.php?rest_route=%2Fwp%2Fv2%2Fmedia&parent=3337"}],"wp:term":[{"taxonomy":"category","embeddable":true,"href":"https:\/\/pasaenmendoza.com\/index.php?rest_route=%2Fwp%2Fv2%2Fcategories&post=3337"},{"taxonomy":"post_tag","embeddable":true,"href":"https:\/\/pasaenmendoza.com\/index.php?rest_route=%2Fwp%2Fv2%2Ftags&post=3337"}],"curies":[{"name":"wp","href":"https:\/\/api.w.org\/{rel}","templated":true}]}}