{"id":3344,"date":"2023-11-28T13:33:13","date_gmt":"2023-11-28T12:33:13","guid":{"rendered":"https:\/\/pasaenmendoza.com\/?p=3344"},"modified":"2023-11-28T13:33:14","modified_gmt":"2023-11-28T12:33:14","slug":"el-tiempo-en-mendoza-tras-el-intenso-calor-hay-alerta-por-tormentas-y-zonda","status":"publish","type":"post","link":"https:\/\/pasaenmendoza.com\/?p=3344","title":{"rendered":"El tiempo en Mendoza: tras el intenso calor, hay alerta por tormentas y Zonda"},"content":{"rendered":"\n<p>Luego del sofocante calor que se percibi\u00f3 el lunes, esta jornada se presentar\u00e1 con<em>&nbsp;\u201ccielo parcialmente nublado, con leve descenso de la temperatura y vientos moderados del sudeste\u201d<\/em>.&nbsp;<mark>La m\u00ednima ser\u00e1 de 19 grados y la m\u00e1xima de 32.<\/mark><\/p>\n\n\n\n<p>Para este martes, tambi\u00e9n se ha anunciado&nbsp;<mark><strong>Zonda&nbsp;<\/strong>en Malarg\u00fce.<\/mark><\/p>\n\n\n\n<p>Adem\u00e1s, el\u00a0<strong>Servicio Meteorol\u00f3gico Nacional (SMN)<\/strong>\u00a0emiti\u00f3 un\u00a0<mark>alerta amarillo por tormentas.<\/mark>\u00a0El fen\u00f3meno se registrar\u00e1 en horas de la tarde-noche en Las Heras, La Paz, Lavalle, San Mart\u00edn, Santa Rosa, General Alvear y San Rafael.<\/p>\n\n\n\n<p>El<strong>\u00a0mi\u00e9rcoles\u00a0<\/strong>estar\u00e1 con cielo algo nublado con poco cambio de la temperatura, vientos moderados del noreste.\u00a0<mark>La m\u00ednima ser\u00e1 de 18 grados y la m\u00e1xima de 31.<\/mark><\/p>\n\n\n\n<p>Para el jueves se prev\u00e9: \u201cNubosidad variable con tormentas aisladas hacia la noche y ascenso de la temperatura, vientos moderados del noreste\u201d.\u00a0<mark>La m\u00ednima ser\u00e1 de 18 grados y la m\u00e1xima de 34.<\/mark><\/p>\n\n\n\n<p><strong>La situaci\u00f3n en alta monta\u00f1a<\/strong><\/p>\n\n\n\n<p>El&nbsp;<strong>Sistema Integrado Cristo Redentor<\/strong>&nbsp;se encuentra&nbsp;<mark>habilitado<\/mark>&nbsp;para todo tipo de veh\u00edculos, durante las 24 horas.<\/p>\n\n\n\n<p>El\u00a0<strong>paso Pehuenche<\/strong>\u00a0est\u00e1\u00a0<mark>cerrado<\/mark>\u00a0por tiempo indeterminado.<\/p>\n\n\n\n<p><strong>Fuente: www.elsol.com.ar<\/strong><\/p>\n","protected":false},"excerpt":{"rendered":"<p>Luego del sofocante calor que se percibi\u00f3 el lunes, esta jornada se presentar\u00e1 con&nbsp;\u201ccielo parcialmente nublado, con leve descenso de la temperatura y vientos moderados del sudeste\u201d.&nbsp;La m\u00ednima ser\u00e1 de 19 grados y la m\u00e1xima de 32. Para este martes, tambi\u00e9n se ha anunciado&nbsp;Zonda&nbsp;en Malarg\u00fce. Adem\u00e1s, el\u00a0Servicio Meteorol\u00f3gico Nacional (SMN)\u00a0emiti\u00f3 un\u00a0alerta amarillo por tormentas.\u00a0El fen\u00f3meno [&hellip;]<\/p>\n","protected":false},"author":2,"featured_media":3345,"comment_status":"open","ping_status":"open","sticky":false,"template":"","format":"standard","meta":[],"categories":[52],"tags":[],"_links":{"self":[{"href":"https:\/\/pasaenmendoza.com\/index.php?rest_route=\/wp\/v2\/posts\/3344"}],"collection":[{"href":"https:\/\/pasaenmendoza.com\/index.php?rest_route=\/wp\/v2\/posts"}],"about":[{"href":"https:\/\/pasaenmendoza.com\/index.php?rest_route=\/wp\/v2\/types\/post"}],"author":[{"embeddable":true,"href":"https:\/\/pasaenmendoza.com\/index.php?rest_route=\/wp\/v2\/users\/2"}],"replies":[{"embeddable":true,"href":"https:\/\/pasaenmendoza.com\/index.php?rest_route=%2Fwp%2Fv2%2Fcomments&post=3344"}],"version-history":[{"count":1,"href":"https:\/\/pasaenmendoza.com\/index.php?rest_route=\/wp\/v2\/posts\/3344\/revisions"}],"predecessor-version":[{"id":3346,"href":"https:\/\/pasaenmendoza.com\/index.php?rest_route=\/wp\/v2\/posts\/3344\/revisions\/3346"}],"wp:featuredmedia":[{"embeddable":true,"href":"https:\/\/pasaenmendoza.com\/index.php?rest_route=\/wp\/v2\/media\/3345"}],"wp:attachment":[{"href":"https:\/\/pasaenmendoza.com\/index.php?rest_route=%2Fwp%2Fv2%2Fmedia&parent=3344"}],"wp:term":[{"taxonomy":"category","embeddable":true,"href":"https:\/\/pasaenmendoza.com\/index.php?rest_route=%2Fwp%2Fv2%2Fcategories&post=3344"},{"taxonomy":"post_tag","embeddable":true,"href":"https:\/\/pasaenmendoza.com\/index.php?rest_route=%2Fwp%2Fv2%2Ftags&post=3344"}],"curies":[{"name":"wp","href":"https:\/\/api.w.org\/{rel}","templated":true}]}}