{"id":3347,"date":"2023-11-28T13:38:49","date_gmt":"2023-11-28T12:38:49","guid":{"rendered":"https:\/\/pasaenmendoza.com\/?p=3347"},"modified":"2023-11-28T13:38:50","modified_gmt":"2023-11-28T12:38:50","slug":"detuvieron-a-un-hombre-robando-placas-de-bronce-del-cementerio-de-ciudad","status":"publish","type":"post","link":"https:\/\/pasaenmendoza.com\/?p=3347","title":{"rendered":"Detuvieron a un hombre robando placas de bronce del Cementerio de Ciudad"},"content":{"rendered":"\n<p>En horas de la madrugada, las autoridades de la<strong>\u00a0Comisar\u00eda 16\u00b0 de Las Heras<\/strong>\u00a0respondieron a un llamado de emergencia que alertaba sobre la presencia de i<strong>ndividuos sospechosos en las instalaciones del Cementerio<\/strong>, ubicado en la intersecci\u00f3n de la Avenida Mitre y la Calle Caseros.<\/p>\n\n\n\n<p>El informe oficial indica que tras recibir el aviso, preventores y efectivos policiales se dirigieron al lugar, donde procedieron a la\u00a0<strong>detenci\u00f3n de un individuo<\/strong>\u00a0que se encontraba en actitud sospechosa en las inmediaciones del camposanto.<\/p>\n\n\n\n<p>Durante la intervenci\u00f3n, se realiz\u00f3 una requisa al sujeto, en la que se secuestraron diversos elementos, entre ellos&nbsp;<strong>una placa de bronce, una campana del mismo material, un destornillador y una llave francesa.<\/strong><\/p>\n\n\n\n<p>La\u00a0<strong>Oficina Fiscal N\u00b0 5 de la Comisar\u00eda 16<\/strong>\u00b0 se hizo cargo del caso y contin\u00faa la investigaci\u00f3n correspondiente para esclarecer los hechos y determinar la implicaci\u00f3n del individuo detenido.<\/p>\n\n\n\n<p><strong>Fuente: www.mendozapost.com.ar<\/strong><\/p>\n","protected":false},"excerpt":{"rendered":"<p>En horas de la madrugada, las autoridades de la\u00a0Comisar\u00eda 16\u00b0 de Las Heras\u00a0respondieron a un llamado de emergencia que alertaba sobre la presencia de individuos sospechosos en las instalaciones del Cementerio, ubicado en la intersecci\u00f3n de la Avenida Mitre y la Calle Caseros. El informe oficial indica que tras recibir el aviso, preventores y efectivos [&hellip;]<\/p>\n","protected":false},"author":2,"featured_media":3351,"comment_status":"open","ping_status":"open","sticky":false,"template":"","format":"standard","meta":[],"categories":[48],"tags":[],"_links":{"self":[{"href":"https:\/\/pasaenmendoza.com\/index.php?rest_route=\/wp\/v2\/posts\/3347"}],"collection":[{"href":"https:\/\/pasaenmendoza.com\/index.php?rest_route=\/wp\/v2\/posts"}],"about":[{"href":"https:\/\/pasaenmendoza.com\/index.php?rest_route=\/wp\/v2\/types\/post"}],"author":[{"embeddable":true,"href":"https:\/\/pasaenmendoza.com\/index.php?rest_route=\/wp\/v2\/users\/2"}],"replies":[{"embeddable":true,"href":"https:\/\/pasaenmendoza.com\/index.php?rest_route=%2Fwp%2Fv2%2Fcomments&post=3347"}],"version-history":[{"count":1,"href":"https:\/\/pasaenmendoza.com\/index.php?rest_route=\/wp\/v2\/posts\/3347\/revisions"}],"predecessor-version":[{"id":3353,"href":"https:\/\/pasaenmendoza.com\/index.php?rest_route=\/wp\/v2\/posts\/3347\/revisions\/3353"}],"wp:featuredmedia":[{"embeddable":true,"href":"https:\/\/pasaenmendoza.com\/index.php?rest_route=\/wp\/v2\/media\/3351"}],"wp:attachment":[{"href":"https:\/\/pasaenmendoza.com\/index.php?rest_route=%2Fwp%2Fv2%2Fmedia&parent=3347"}],"wp:term":[{"taxonomy":"category","embeddable":true,"href":"https:\/\/pasaenmendoza.com\/index.php?rest_route=%2Fwp%2Fv2%2Fcategories&post=3347"},{"taxonomy":"post_tag","embeddable":true,"href":"https:\/\/pasaenmendoza.com\/index.php?rest_route=%2Fwp%2Fv2%2Ftags&post=3347"}],"curies":[{"name":"wp","href":"https:\/\/api.w.org\/{rel}","templated":true}]}}