{"id":3352,"date":"2023-11-28T13:42:54","date_gmt":"2023-11-28T12:42:54","guid":{"rendered":"https:\/\/pasaenmendoza.com\/?p=3352"},"modified":"2023-11-28T13:42:56","modified_gmt":"2023-11-28T12:42:56","slug":"fiesta-de-la-cerveza-2023-se-podra-comprar-bebida-y-comida-de-manera-anticipada","status":"publish","type":"post","link":"https:\/\/pasaenmendoza.com\/?p=3352","title":{"rendered":"Fiesta de la Cerveza 2023: se podr\u00e1 comprar bebida y comida de manera anticipada"},"content":{"rendered":"\n<p>Los pr\u00f3ximos 1, 2 y 3 de diciembre se concretar\u00e1 la nueva edici\u00f3n de la\u00a0<strong>Fiesta Provincial de la Cerveza<\/strong>\u00a0y a trav\u00e9s del sitio web<strong>\u00a0foodtrucks.ar se podr\u00e1 comprar comida y bebida de manera anticipada para evitar largas filas<\/strong>.<\/p>\n\n\n\n<p>Los pedidos podr\u00e1n realizarse hasta el viernes 1 de diciembre a las 12 horas. Mientras que el s\u00e1bado 2 y domingo 3 quienes deseen comprar deber\u00e1n hacerlo de 8 a 12.<\/p>\n\n\n\n<p><strong>Pasos a seguir para comprar de manera anticipada<\/strong><\/p>\n\n\n\n<ol>\n<li>Ingresar a&nbsp;<strong>foodtrucks.ar<\/strong><\/li>\n\n\n\n<li>Elegir local, d\u00eda y men\u00fa<\/li>\n\n\n\n<li>Seleccionar la opci\u00f3n de pago<\/li>\n\n\n\n<li>Descargar el\u00a0<strong>c\u00f3digo QR<\/strong>\u00a0que se envi\u00f3 al mail registrado y presentarlo el d\u00eda elegido.<\/li>\n<\/ol>\n\n\n\n<h2 class=\"wp-block-heading\">Locales disponibles para reservar<\/h2>\n\n\n\n<ul>\n<li>Arabian Food<\/li>\n\n\n\n<li>Bairoleto<\/li>\n\n\n\n<li>Burgery<\/li>\n\n\n\n<li>El Tano<\/li>\n\n\n\n<li>El Tiz\u00f3n<\/li>\n\n\n\n<li>Entra\u00f1itis<\/li>\n\n\n\n<li>Entre Dos<\/li>\n\n\n\n<li>Fortunato<\/li>\n\n\n\n<li>Guapaletas<\/li>\n\n\n\n<li>Habemus Papas<\/li>\n\n\n\n<li>Jaxon Bear<\/li>\n\n\n\n<li>John Up<\/li>\n\n\n\n<li>La Cantina Sandwich<\/li>\n\n\n\n<li>La Social<\/li>\n\n\n\n<li>Lombardo<\/li>\n\n\n\n<li>Mangiare<\/li>\n\n\n\n<li>Martina Pop Corn<\/li>\n\n\n\n<li>Miami Drinks<\/li>\n\n\n\n<li>Mila Super truck<\/li>\n\n\n\n<li>Panitas Food<\/li>\n\n\n\n<li>Pascucci<\/li>\n\n\n\n<li>Pepper Tuck<\/li>\n\n\n\n<li>Planeta Chip\u00e1<\/li>\n\n\n\n<li>Pochoclos Boby<\/li>\n\n\n\n<li>Sobre Ruedas Grill<\/li>\n\n\n\n<li>Tacos M\u00e9xico<\/li>\n\n\n\n<li>VinTruck<\/li>\n\n\n\n<li>WAU!<\/li>\n\n\n\n<li>Yellow Mustard<\/li>\n\n\n\n<li>Yummy<\/li>\n\n\n\n<li>Zero Gluten<\/li>\n<\/ul>\n\n\n\n<h2 class=\"wp-block-heading\">Las bandas que estar\u00e1n en la 16<strong>\u00b0<\/strong>&nbsp;Fiesta de la Cerveza<\/h2>\n\n\n\n<p>Como todos los a\u00f1os bandas provinciales y nacionales pisar\u00e1n el escenario del Parque San Vicente dejando su m\u00fasica y un gran show.<\/p>\n\n\n\n<p>El viernes sonar\u00e1\u00a0<strong>Airbag<\/strong>,\u00a0<strong>Emilia Mernes<\/strong>\u00a0y las bandas elegidas de Mendoza para esta fecha son\u00a0<strong>Huge the Cara<\/strong>,\u00a0<strong>Nunca fui empleado del mes<\/strong>,\u00a0<strong>Bruno Pinto<\/strong>,<strong>\u00a0N\u00e9ctar 02<\/strong>\u00a0y\u00a0<strong>Eseneme<\/strong>.<\/p>\n\n\n\n<p>El s\u00e1bado estar\u00e1n presentes&nbsp;<strong>Los Palmeras<\/strong>,<strong>&nbsp;Los Aut\u00e9nticos Decadentes<\/strong>, y las bandas provinciales que sonar\u00e1n son&nbsp;<strong>La colonia subsiste<\/strong>,&nbsp;<strong>Saltando y Cabeceando<\/strong>,&nbsp;<strong>Real InspiraZion<\/strong>,&nbsp;<strong>Los ojos de todos&nbsp;<\/strong>y&nbsp;<strong>Magnolia<\/strong>.<\/p>\n\n\n\n<p>La \u00faltima noche subir\u00e1 al escenario&nbsp;<strong>La vela puerca<\/strong>,&nbsp;<strong>Caballeros de la quema<\/strong>&nbsp;y los artistas mendocinos&nbsp;<strong>Spaghetti Western<\/strong>,<strong>&nbsp;La fugitiva<\/strong>,&nbsp;<strong>Sam<\/strong>,&nbsp;<strong>Selva Blanca<\/strong>&nbsp;y&nbsp;<strong>Manso Dreamin<\/strong>.<\/p>\n\n\n\n<p>Para m\u00e1s informaci\u00f3n ingresar a\u00a0<strong>www.godoycruz.gob.ar\/fiesta-de-la-cerveza-godoy-cruz<\/strong>.<\/p>\n\n\n\n<p><strong>Fuente: www.diariouno.com.ar<\/strong><\/p>\n","protected":false},"excerpt":{"rendered":"<p>Los pr\u00f3ximos 1, 2 y 3 de diciembre se concretar\u00e1 la nueva edici\u00f3n de la\u00a0Fiesta Provincial de la Cerveza\u00a0y a trav\u00e9s del sitio web\u00a0foodtrucks.ar se podr\u00e1 comprar comida y bebida de manera anticipada para evitar largas filas. Los pedidos podr\u00e1n realizarse hasta el viernes 1 de diciembre a las 12 horas. Mientras que el s\u00e1bado [&hellip;]<\/p>\n","protected":false},"author":2,"featured_media":3356,"comment_status":"open","ping_status":"open","sticky":false,"template":"","format":"standard","meta":[],"categories":[50],"tags":[],"_links":{"self":[{"href":"https:\/\/pasaenmendoza.com\/index.php?rest_route=\/wp\/v2\/posts\/3352"}],"collection":[{"href":"https:\/\/pasaenmendoza.com\/index.php?rest_route=\/wp\/v2\/posts"}],"about":[{"href":"https:\/\/pasaenmendoza.com\/index.php?rest_route=\/wp\/v2\/types\/post"}],"author":[{"embeddable":true,"href":"https:\/\/pasaenmendoza.com\/index.php?rest_route=\/wp\/v2\/users\/2"}],"replies":[{"embeddable":true,"href":"https:\/\/pasaenmendoza.com\/index.php?rest_route=%2Fwp%2Fv2%2Fcomments&post=3352"}],"version-history":[{"count":1,"href":"https:\/\/pasaenmendoza.com\/index.php?rest_route=\/wp\/v2\/posts\/3352\/revisions"}],"predecessor-version":[{"id":3354,"href":"https:\/\/pasaenmendoza.com\/index.php?rest_route=\/wp\/v2\/posts\/3352\/revisions\/3354"}],"wp:featuredmedia":[{"embeddable":true,"href":"https:\/\/pasaenmendoza.com\/index.php?rest_route=\/wp\/v2\/media\/3356"}],"wp:attachment":[{"href":"https:\/\/pasaenmendoza.com\/index.php?rest_route=%2Fwp%2Fv2%2Fmedia&parent=3352"}],"wp:term":[{"taxonomy":"category","embeddable":true,"href":"https:\/\/pasaenmendoza.com\/index.php?rest_route=%2Fwp%2Fv2%2Fcategories&post=3352"},{"taxonomy":"post_tag","embeddable":true,"href":"https:\/\/pasaenmendoza.com\/index.php?rest_route=%2Fwp%2Fv2%2Ftags&post=3352"}],"curies":[{"name":"wp","href":"https:\/\/api.w.org\/{rel}","templated":true}]}}