{"id":3355,"date":"2023-11-28T13:44:54","date_gmt":"2023-11-28T12:44:54","guid":{"rendered":"https:\/\/pasaenmendoza.com\/?p=3355"},"modified":"2023-11-28T13:44:55","modified_gmt":"2023-11-28T12:44:55","slug":"un-hombre-sufrio-un-balazo-en-un-tiroteo-y-se-fue-en-micro-hasta-el-hospital","status":"publish","type":"post","link":"https:\/\/pasaenmendoza.com\/?p=3355","title":{"rendered":"Un hombre sufri\u00f3 un balazo en un tiroteo y se fue en micro hasta el hospital"},"content":{"rendered":"\n<p>Un hombre de<strong>&nbsp;40 a\u00f1os<\/strong>&nbsp;result\u00f3 herido este lunes por el impacto de una bala mientras caminaba por el interior del barrio<strong>&nbsp;Campo Papa<\/strong>, en<strong>&nbsp;Godoy Cruz<\/strong>. Fue trasladado en segunda instancia al&nbsp;<strong>Hospital Central<\/strong>&nbsp;para recibir atenci\u00f3n m\u00e9dica.&nbsp;<\/p>\n\n\n\n<p>Personal de vigilancia del<strong>&nbsp;Hospital El Carmen<\/strong>&nbsp;inform\u00f3 a las 17 el ingreso de una persona con herida por arma de fuego en el abdomen.&nbsp;<mark>La v\u00edctima, identificada como Ariel Alfredo Herida, lleg\u00f3 en colectivo por sus propios medios hasta ese nosocomio.&nbsp;<\/mark><\/p>\n\n\n\n<p>Efectivos se desplazaron al centro de salud y dialogaron con el hombre, quien explic\u00f3 que circulaba por la barriada cuando\u00a0<mark>escuch\u00f3 una serie de detonaciones pero nunca supo de donde proven\u00edan.<\/mark>\u00a0Los m\u00e9dicos indicaron que la bala ten\u00eda orificio de entrada y salida.<\/p>\n\n\n\n<p>Finalmente, fue trasladado al nosocomio de calle Alem para continuar con las intervenciones necesarias.\u00a0<\/p>\n\n\n\n<p><strong>Fuente: www.elsol.com.ar<\/strong><\/p>\n","protected":false},"excerpt":{"rendered":"<p>Un hombre de&nbsp;40 a\u00f1os&nbsp;result\u00f3 herido este lunes por el impacto de una bala mientras caminaba por el interior del barrio&nbsp;Campo Papa, en&nbsp;Godoy Cruz. Fue trasladado en segunda instancia al&nbsp;Hospital Central&nbsp;para recibir atenci\u00f3n m\u00e9dica.&nbsp; Personal de vigilancia del&nbsp;Hospital El Carmen&nbsp;inform\u00f3 a las 17 el ingreso de una persona con herida por arma de fuego en el [&hellip;]<\/p>\n","protected":false},"author":2,"featured_media":3357,"comment_status":"open","ping_status":"open","sticky":false,"template":"","format":"standard","meta":[],"categories":[48],"tags":[],"_links":{"self":[{"href":"https:\/\/pasaenmendoza.com\/index.php?rest_route=\/wp\/v2\/posts\/3355"}],"collection":[{"href":"https:\/\/pasaenmendoza.com\/index.php?rest_route=\/wp\/v2\/posts"}],"about":[{"href":"https:\/\/pasaenmendoza.com\/index.php?rest_route=\/wp\/v2\/types\/post"}],"author":[{"embeddable":true,"href":"https:\/\/pasaenmendoza.com\/index.php?rest_route=\/wp\/v2\/users\/2"}],"replies":[{"embeddable":true,"href":"https:\/\/pasaenmendoza.com\/index.php?rest_route=%2Fwp%2Fv2%2Fcomments&post=3355"}],"version-history":[{"count":1,"href":"https:\/\/pasaenmendoza.com\/index.php?rest_route=\/wp\/v2\/posts\/3355\/revisions"}],"predecessor-version":[{"id":3358,"href":"https:\/\/pasaenmendoza.com\/index.php?rest_route=\/wp\/v2\/posts\/3355\/revisions\/3358"}],"wp:featuredmedia":[{"embeddable":true,"href":"https:\/\/pasaenmendoza.com\/index.php?rest_route=\/wp\/v2\/media\/3357"}],"wp:attachment":[{"href":"https:\/\/pasaenmendoza.com\/index.php?rest_route=%2Fwp%2Fv2%2Fmedia&parent=3355"}],"wp:term":[{"taxonomy":"category","embeddable":true,"href":"https:\/\/pasaenmendoza.com\/index.php?rest_route=%2Fwp%2Fv2%2Fcategories&post=3355"},{"taxonomy":"post_tag","embeddable":true,"href":"https:\/\/pasaenmendoza.com\/index.php?rest_route=%2Fwp%2Fv2%2Ftags&post=3355"}],"curies":[{"name":"wp","href":"https:\/\/api.w.org\/{rel}","templated":true}]}}