{"id":3365,"date":"2023-11-28T14:03:23","date_gmt":"2023-11-28T13:03:23","guid":{"rendered":"https:\/\/pasaenmendoza.com\/?p=3365"},"modified":"2023-11-28T14:03:24","modified_gmt":"2023-11-28T13:03:24","slug":"preparan-y-capacitan-a-pymes-de-mendoza-para-que-puedan-exportar","status":"publish","type":"post","link":"https:\/\/pasaenmendoza.com\/?p=3365","title":{"rendered":"Preparan y capacitan a pymes de Mendoza para que puedan exportar"},"content":{"rendered":"\n<p>El ministro de Econom\u00eda y Energ\u00eda mendocino,&nbsp;<strong>Enrique Vaqui\u00e9<\/strong>, el intendente de la Capital,&nbsp;<strong>Ulpiano Suarez<\/strong>; y Mario L\u00e1zzaro, gerente de la Fundaci\u00f3n ProMendoza, firmaron este lunes un&nbsp;<strong>convenio para la asistencia&nbsp;<\/strong>a empresarios de la capital mendocina para posicionar en el mundo sus productos y servicios, seg\u00fan inform\u00f3 la cartera econ\u00f3mica.<\/p>\n\n\n\n<p>Tambi\u00e9n se avanz\u00f3 con la firma del convenio espec\u00edfico para el Programa de Desarrollo de Nuevos Exportadores (NEX) y de Diversificaci\u00f3n de Mercados (Dimex) con el objetivo de iniciar y formar a la empresa en comercio exterior; identificar necesidades, fortalezas y debilidades; asistir a las empresas para la prospecci\u00f3n, penetraci\u00f3n y consolidaci\u00f3n en los mercados externos y apoyar a las empresas para mejorar su productividad.<\/p>\n\n\n\n<p>L\u00e1zzaro expres\u00f3 que \u201cel programa NEX&#8221; es &#8220;una herramienta muy importante para que Municipio participe del proceso de capacitaci\u00f3n y generaci\u00f3n de nuevos exportadores\u201d.<\/p>\n\n\n\n<p>Por su parte, Suarez destac\u00f3 su inter\u00e9s en \u201cavanzar con acciones concretas y de impacto para la ciudad&#8221;, y agradeci\u00f3 &#8220;a ProMendoza y al gobierno provincial por este trabajo conjunto que derramar\u00e1 de manera directa en sus habitantes\u201d.<\/p>\n\n\n\n<p>En tanto, Vaqui\u00e9 valor\u00f3 el convenio por permitir que &#8220;Mendoza siga creciendo en cantidad de empresas exportadoras, que permiten enviar productos y servicios al mundo y generar ingresos en d\u00f3lares\u201d.<\/p>\n\n\n\n<h3 class=\"wp-block-heading\"><strong>Se har\u00e1 cargo del 50% de los honorarios de los consultores<\/strong><\/h3>\n\n\n\n<p>A partir de la firma de este convenio, la ciudad capital de la provincia asistir\u00e1 a las empresas con el pago del 50% de los honorarios de los consultores en comercio exterior para aplicar un plan que las conduzca a la exportaci\u00f3n de productos y servicios.<\/p>\n\n\n\n<p>ProMendoza se har\u00e1 cargo del entrenamiento, selecci\u00f3n y supervisi\u00f3n de consultores Comex, asisti\u00e9ndolos a su vez con actividades de promoci\u00f3n comercial: ferias internacionales, rondas inversas y misiones comerciales, entre otras.<\/p>\n\n\n\n<p>Desde su creaci\u00f3n, los programas de internacionalizaci\u00f3n de ProMendoza han asistido a 180 empresas en sus procesos de exportaci\u00f3n, y ahora al involucrarse la municipalidad mendocina a trav\u00e9s de la firma de este convenio, inaugura un hito ya que impulsa el rol activo de las ciudades en el desarrollo de estrategias para llevar las ofertas comerciales de una empresa fuera de su pa\u00eds de origen e impulsando la econom\u00eda local.<\/p>\n\n\n\n<p><strong>Fuente: www.diariomendoza.com.ar<\/strong><\/p>\n","protected":false},"excerpt":{"rendered":"<p>El ministro de Econom\u00eda y Energ\u00eda mendocino,&nbsp;Enrique Vaqui\u00e9, el intendente de la Capital,&nbsp;Ulpiano Suarez; y Mario L\u00e1zzaro, gerente de la Fundaci\u00f3n ProMendoza, firmaron este lunes un&nbsp;convenio para la asistencia&nbsp;a empresarios de la capital mendocina para posicionar en el mundo sus productos y servicios, seg\u00fan inform\u00f3 la cartera econ\u00f3mica. Tambi\u00e9n se avanz\u00f3 con la firma del [&hellip;]<\/p>\n","protected":false},"author":2,"featured_media":3366,"comment_status":"open","ping_status":"open","sticky":false,"template":"","format":"standard","meta":[],"categories":[85],"tags":[],"_links":{"self":[{"href":"https:\/\/pasaenmendoza.com\/index.php?rest_route=\/wp\/v2\/posts\/3365"}],"collection":[{"href":"https:\/\/pasaenmendoza.com\/index.php?rest_route=\/wp\/v2\/posts"}],"about":[{"href":"https:\/\/pasaenmendoza.com\/index.php?rest_route=\/wp\/v2\/types\/post"}],"author":[{"embeddable":true,"href":"https:\/\/pasaenmendoza.com\/index.php?rest_route=\/wp\/v2\/users\/2"}],"replies":[{"embeddable":true,"href":"https:\/\/pasaenmendoza.com\/index.php?rest_route=%2Fwp%2Fv2%2Fcomments&post=3365"}],"version-history":[{"count":1,"href":"https:\/\/pasaenmendoza.com\/index.php?rest_route=\/wp\/v2\/posts\/3365\/revisions"}],"predecessor-version":[{"id":3367,"href":"https:\/\/pasaenmendoza.com\/index.php?rest_route=\/wp\/v2\/posts\/3365\/revisions\/3367"}],"wp:featuredmedia":[{"embeddable":true,"href":"https:\/\/pasaenmendoza.com\/index.php?rest_route=\/wp\/v2\/media\/3366"}],"wp:attachment":[{"href":"https:\/\/pasaenmendoza.com\/index.php?rest_route=%2Fwp%2Fv2%2Fmedia&parent=3365"}],"wp:term":[{"taxonomy":"category","embeddable":true,"href":"https:\/\/pasaenmendoza.com\/index.php?rest_route=%2Fwp%2Fv2%2Fcategories&post=3365"},{"taxonomy":"post_tag","embeddable":true,"href":"https:\/\/pasaenmendoza.com\/index.php?rest_route=%2Fwp%2Fv2%2Ftags&post=3365"}],"curies":[{"name":"wp","href":"https:\/\/api.w.org\/{rel}","templated":true}]}}