{"id":3368,"date":"2023-11-28T14:41:09","date_gmt":"2023-11-28T13:41:09","guid":{"rendered":"https:\/\/pasaenmendoza.com\/?p=3368"},"modified":"2023-11-28T14:41:10","modified_gmt":"2023-11-28T13:41:10","slug":"jose-luis-manzano-opino-sobre-las-privatizaciones-que-planea-javier-milei","status":"publish","type":"post","link":"https:\/\/pasaenmendoza.com\/?p=3368","title":{"rendered":"Jos\u00e9 Luis Manzano opin\u00f3 sobre las privatizaciones que planea Javier Milei"},"content":{"rendered":"\n<p>El empresario mendocino oriundo de Tupungato particip\u00f3 en el evento Energy Day, donde -entre otras cuestiones- se refiri\u00f3 a la gesti\u00f3n que encarar\u00e1 el presidente electo, Javier Milei.<\/p>\n\n\n\n<p>El empresario mendocino y exministro del Interior durante el menemismo,\u00a0<strong>Jos\u00e9 Luis Manzano<\/strong>, se refiri\u00f3 a\u00a0la gesti\u00f3n que encarar\u00e1 el presidente electo,\u00a0<strong>Javier Milei<\/strong>, y opin\u00f3 acerca de las intenciones que tiene el economista de La Libertad Avanza de llevar a cabo diferentes privatizaciones y disminuir la presencia del Estado. En tanto, admiti\u00f3 &#8220;seguir siendo peronista&#8221; y, a su vez, se refiri\u00f3 al futuro de la industria del petr\u00f3leo en Argentina.<\/p>\n\n\n\n<p><strong>Manzano<\/strong>, que es presidente del holding\u00a0<em>Integra Capital<\/em>, disert\u00f3 en el\u00a0<em>Energy Day<\/em>, un evento organizado por\u00a0<em>Econojournal<\/em>. Respecto al panorama pol\u00edtico nacional,\u00a0<strong>Manzano\u00a0<\/strong>expres\u00f3:\u00a0&#8220;M\u00e1s all\u00e1 de la diversidad en los contenidos de sus propuestas, los perfiles personales de\u00a0<strong>Javier Milei<\/strong>, Sergio Massa, Patricia Bullrich y Juan Schiaretti est\u00e1n orientados a que haya m\u00e1s mercado y menos intervenci\u00f3n estatal. Hoy, el 75% de la gente cree que la econom\u00eda argentina funciona mejor si se la suelta m\u00e1s, no si se la aprisiona m\u00e1s. Est\u00e1 claro que sectores como el campo, la energ\u00eda, la miner\u00eda y la inform\u00e1tica necesitan espacio&#8221;.<\/p>\n\n\n\n<p>&#8220;Fue una elecci\u00f3n de centro-derecha y centro moderado, con una coalici\u00f3n como la de Massa que mostraba una convivencia de pol\u00edticas intervencionistas, otra como la de Juntos por el Cambio\u00a0que ofrec\u00eda una alternativa de mercado similar a la que gobern\u00f3 con Mauricio Macri y otra como la de\u00a0<strong>Milei\u00a0<\/strong>que impulsaba mucho menos intervenci\u00f3n estatal. Soy un convencido de que el pa\u00eds prospera en un contexto donde el grueso del sistema pol\u00edtico apuesta por reglas de mercado, estabilidad en las normas y seguridad jur\u00eddica&#8221;, coment\u00f3 y acot\u00f3 que &#8220;si le sac\u00e1s la inflaci\u00f3n, la Argentina es el pa\u00eds m\u00e1s atractivo de Latinoam\u00e9rica&#8221;.<\/p>\n\n\n\n<p>En relaci\u00f3n a los anuncios de\u00a0<strong>Javier Milei\u00a0<\/strong>sobre la privatizaci\u00f3n de diversas empresas que hoy est\u00e1n en manos del Estado, indic\u00f3: &#8220;No tengo un v\u00ednculo con el nuevo Gobierno, pero veo que tratan de hacer lo que dicen y dicen lo que creen que van a poder hacer. Pienso que va a haber mucha ejecutividad&#8221;. En ese orden, conect\u00f3 lo se\u00f1alado con la industria del petr\u00f3leo y sostuvo: &#8220;Con el \u201970-30&#8242; de las divisas, el sector funciona. Se logr\u00f3 el autoabastecimiento y la soberan\u00eda energ\u00e9tica con ese esquema, y poniendo a YPF en la Bolsa. Hay un comportamiento paradojal: cuando le atrap\u00e1s los d\u00f3lares, el exportador hace grandes esfuerzos para no entregarlos. Cuando se los liber\u00e1s, los invierte. El funcionamiento es contraintuitivo: ten\u00e9s que creer en los incentivos como manera de conducir la econom\u00eda moderna&#8221;.<\/p>\n\n\n\n<p><strong>Manzano&nbsp;<\/strong>tambi\u00e9n&nbsp;esgrimi\u00f3 que &#8220;el \u00e9xito de los \u201990 empez\u00f3 con el Plan Houston de Alfons\u00edn. Nosotros ganamos las elecciones y le dimos continuidad. Nos reunimos con los referentes de la industria y las multinacionales, quienes nos explicaron que era una locura parar las exploraciones del Plan Houston. Se hab\u00eda hecho s\u00edsmica por todos lados y hab\u00eda indicadores positivos. Nosotros los escuchamos, mantuvimos el programa y eso se capitaliz\u00f3 con el autoabastecimiento petrolero<\/p>\n\n\n\n<p>Y agreg\u00f3: &#8220;El valor del crudo se fija mundialmente. Hay que dejar de cruzar en las refiner\u00edas y tener m\u00e1s producci\u00f3n. No hay l\u00f3gica en subsidiar la nafta de una Ferrari. No se puede subsidiar el consumo de los sectores altos. Yo sigo siendo peronista, pero mi partido ha eludido el debate sobre c\u00f3mo manejar los subsidios. Si se aplicara un tercio de la tecnolog\u00eda que se usa para segmentar y sectorizar votantes, el tema estar\u00eda resuelto<\/p>\n\n\n\n<p>En ese orden, consider\u00f3 que es necesario un &#8220;Estado inteligente&#8221;&nbsp;y la &nbsp;&#8220;fuerza del mercado&#8221;. &#8220;Hacen falta las dos cosas. Pero no tengo dudas de que el crecimiento va a ser explosivo. Hace un tiempo dije \u2018Neuqu\u00e9n va a ser Texas\u2019 y se murieron de risa. Los ingredientes para ser optimistas est\u00e1n&#8221;, subray\u00f3 el empresario oriundo de Tupungato, Mendoza.<\/p>\n\n\n\n<p>En relaci\u00f3n a las propuestas de Gobierno de\u00a0<strong>Milei<\/strong>, remarc\u00f3 que &#8220;ahora todo es m\u00e1s transparente y fue votado. Hay un mandato popular que permitir\u00e1 avanzar sin tantas trabas&#8221;.<\/p>\n\n\n\n<p>FUENTE: Mdzonline.<\/p>\n","protected":false},"excerpt":{"rendered":"<p>El empresario mendocino oriundo de Tupungato particip\u00f3 en el evento Energy Day, donde -entre otras cuestiones- se refiri\u00f3 a la gesti\u00f3n que encarar\u00e1 el presidente electo, Javier Milei. El empresario mendocino y exministro del Interior durante el menemismo,\u00a0Jos\u00e9 Luis Manzano, se refiri\u00f3 a\u00a0la gesti\u00f3n que encarar\u00e1 el presidente electo,\u00a0Javier Milei, y opin\u00f3 acerca de las [&hellip;]<\/p>\n","protected":false},"author":2,"featured_media":3369,"comment_status":"open","ping_status":"open","sticky":true,"template":"","format":"standard","meta":[],"categories":[47],"tags":[],"_links":{"self":[{"href":"https:\/\/pasaenmendoza.com\/index.php?rest_route=\/wp\/v2\/posts\/3368"}],"collection":[{"href":"https:\/\/pasaenmendoza.com\/index.php?rest_route=\/wp\/v2\/posts"}],"about":[{"href":"https:\/\/pasaenmendoza.com\/index.php?rest_route=\/wp\/v2\/types\/post"}],"author":[{"embeddable":true,"href":"https:\/\/pasaenmendoza.com\/index.php?rest_route=\/wp\/v2\/users\/2"}],"replies":[{"embeddable":true,"href":"https:\/\/pasaenmendoza.com\/index.php?rest_route=%2Fwp%2Fv2%2Fcomments&post=3368"}],"version-history":[{"count":1,"href":"https:\/\/pasaenmendoza.com\/index.php?rest_route=\/wp\/v2\/posts\/3368\/revisions"}],"predecessor-version":[{"id":3370,"href":"https:\/\/pasaenmendoza.com\/index.php?rest_route=\/wp\/v2\/posts\/3368\/revisions\/3370"}],"wp:featuredmedia":[{"embeddable":true,"href":"https:\/\/pasaenmendoza.com\/index.php?rest_route=\/wp\/v2\/media\/3369"}],"wp:attachment":[{"href":"https:\/\/pasaenmendoza.com\/index.php?rest_route=%2Fwp%2Fv2%2Fmedia&parent=3368"}],"wp:term":[{"taxonomy":"category","embeddable":true,"href":"https:\/\/pasaenmendoza.com\/index.php?rest_route=%2Fwp%2Fv2%2Fcategories&post=3368"},{"taxonomy":"post_tag","embeddable":true,"href":"https:\/\/pasaenmendoza.com\/index.php?rest_route=%2Fwp%2Fv2%2Ftags&post=3368"}],"curies":[{"name":"wp","href":"https:\/\/api.w.org\/{rel}","templated":true}]}}