{"id":3374,"date":"2023-11-28T14:52:33","date_gmt":"2023-11-28T13:52:33","guid":{"rendered":"https:\/\/pasaenmendoza.com\/?p=3374"},"modified":"2023-11-28T14:52:34","modified_gmt":"2023-11-28T13:52:34","slug":"las-obras-del-megaproyecto-que-transformara-el-oeste-de-godoy-cruz","status":"publish","type":"post","link":"https:\/\/pasaenmendoza.com\/?p=3374","title":{"rendered":"Las obras del megaproyecto que transformar\u00e1 el Oeste de Godoy Cruz"},"content":{"rendered":"\n<p>En una esperada noticia para los residentes de la zona Oeste del departamento de Godoy Cruz, se firm\u00f3 el acta de inicio de un proyecto que marca un hito despu\u00e9s de m\u00e1s de 20 a\u00f1os de espera: &#8220;<strong>Aires del Oeste<\/strong>&#8220;.<\/p>\n\n\n\n<p>Esta obra, con una&nbsp;<strong>inversi\u00f3n significativa de m\u00e1s de $4.000 millones<\/strong>, promete ser un salto de calidad de vida para cientos de familias,&nbsp;<strong>conect\u00e1ndolas de manera efectiva a la trama urbana<\/strong>&nbsp;y eliminando la sensaci\u00f3n de marginaci\u00f3n que han experimentado durante tanto tiempo.<\/p>\n\n\n\n<p>El proyecto se llevar\u00e1 a cabo en dos zonas de intervenci\u00f3n: la Cuenca Norte, que beneficiar\u00e1 a los barrios populares Los Cerrillos y La Quebrada, y la Cuenca Sur, que abarcar\u00e1 los barrios populares Razquin y Barrancos.<\/p>\n\n\n\n<p>A trav\u00e9s del Programa Argentina Unida por la Integraci\u00f3n de&nbsp;<strong>Barrios Populares<\/strong>, respaldado por el Ministerio de Desarrollo Social de la Naci\u00f3n, el Instituto Provincial de la Vivienda (IPV) junto a la Municipalidad de Godoy Cruz liderar\u00e1n este proyecto cuya ejecuci\u00f3n estar\u00e1 a cargo de las empresas Corporaci\u00f3n del Sur (Cuenca Sur) y Constructora San Guillermo SA- Constructora San Jos\u00e9 SRL UTE (Cuenca Norte).<\/p>\n\n\n\n<p>La iniciativa comenz\u00f3 con un llamado a\u00a0licitaci\u00f3n a principios de a\u00f1o, con la intenci\u00f3n de transformar el entorno de la zona pedemontana de Godoy Cruz. Con una inversi\u00f3n total de $4.078.828.620, el proyecto contempla acciones clave para el saneamiento ambiental, mejoramiento urbano, construcci\u00f3n de nuevas viviendas y consolidaci\u00f3n de familias en la zona.<\/p>\n\n\n\n<p>Las obras a ejecutar se enfocar\u00e1n en la mejora y ampliaci\u00f3n del equipamiento social e infraestructura, acceso a servicios formales,\u00a0<strong>tratamiento de espacios libres y p\u00fablicos<\/strong>, eliminaci\u00f3n de barreras urbanas, mejora en accesibilidad y conectividad, saneamiento y mitigaci\u00f3n ambiental, fortalecimiento de actividades econ\u00f3micas familiares, redimensionamiento parcelario, seguridad en la tenencia y regularizaci\u00f3n dominial.<\/p>\n\n\n\n<p>En resumen, esta firma de acta de inicio marca el comienzo de un proyecto transformador que cambiar\u00e1 las condiciones de vida de cerca de 500 familias en Godoy Cruz. El compromiso del Gobierno de Mendoza, sumado al trabajo de los equipos t\u00e9cnicos del IPV y la Municipalidad, en colaboraci\u00f3n con el esfuerzo de los vecinos, aseguran un futuro m\u00e1s pr\u00f3spero y conectado para la comunidad.&nbsp;<\/p>\n\n\n\n<p>La obra<\/p>\n\n\n\n<p>Para su ejecuci\u00f3n, se determinaron dos zonas de intervenci\u00f3n. La denominada&nbsp;<em>Cuenca Norte<\/em>&nbsp;abarca a los barrios populares&nbsp;<strong>Los Cerrillos<\/strong>&nbsp;y&nbsp;<strong>La Quebrada<\/strong>, beneficiando a un total de 224 familias.&nbsp;<\/p>\n\n\n\n<p>Adem\u00e1s, para esta zona se ha previsto la&nbsp;<strong>construcci\u00f3n de 42 viviendas nuevas<\/strong>&nbsp;destinadas a las familias que, debido a las obras, no pueden continuar viviendo en donde lo hacen actualmente.<\/p>\n\n\n\n<p>-Por su parte, la zona llamada&nbsp;<em>Cuenca Sur<\/em>&nbsp;comprende a los barrios populares Razquin y Barrancos que engloba a 270 familias.<\/p>\n\n\n\n<p>Para este sector se ejecutar\u00e1n adem\u00e1s 24 viviendas nuevas adecuadas a las necesidades de las familias destinatarias.<\/p>\n\n\n\n<p>En detalle<\/p>\n\n\n\n<p>En la&nbsp;<strong>Cuenca Norte&nbsp;<\/strong>est\u00e1 previsto ejecutar:<\/p>\n\n\n\n<p>&#8211;<strong>Estaci\u00f3n de bombeo&nbsp;<\/strong>para red de agua potable; red de agua potable y conexiones intradomiciliarias de agua; instalaciones intralote de cloaca, cegado de pozos absorbentes; nexo de impulsi\u00f3n a reserva del barrio SUPE; sistema de desag\u00fces pluviales, canales colectores.<br>&#8211;<strong>Red el\u00e9ctrica<\/strong>, que incluye estaciones transformadoras, alumbrado p\u00fablico completo, conexiones domiciliarias el\u00e9ctricas e intradomiciliarias.<br>&#8211;<strong>Red de gas<\/strong>&nbsp;hasta l\u00ednea municipal -incluye gabinete-<br>-Red vial<br>-Red peatonal -veredas, esquinas y rampas- y corrimiento de cercos; equipamiento urbano -arbolado p\u00fablico, contenedores de residuos domiciliarios, comunitarios, se\u00f1alizaci\u00f3n de calles y paradas de colectivos-.<br>&#8211;<strong>Plaza y play\u00f3n deportivo<\/strong>&nbsp;La Quebrada.<br>-Posta sanitaria.<br>-Obras especiales, como puentes peatonales y vehiculares. Adem\u00e1s, se realizar\u00e1n mensura, parquizaciones en espacios verdes.<br>-42 viviendas nuevas, n\u00facleos h\u00famedos (ba\u00f1o + cocina) y n\u00facleos sanitarios.<\/p>\n\n\n\n<p>En la<strong>&nbsp;Cuenca Sur&nbsp;<\/strong>se realizar\u00e1:<\/p>\n\n\n\n<p>-Ampliaci\u00f3n de la reserva Los Barrancos y ca\u00f1er\u00eda de impulsi\u00f3n de agua potable; red de agua potable y conexiones domiciliarias e intradomiciliarias de agua; instalaciones intralote de cloaca, cegado de pozos absorbentes; sistema de desag\u00fces pluviales, canales colectores.<br>-Red el\u00e9ctrica que incluye las estaciones transformadoras, alumbrado p\u00fablico completo y conexiones domiciliarias e intradomiciliarias.<br>-Red de gas hasta l\u00ednea municipal, que incluye gabinete.<br>-Tambi\u00e9n se trazar\u00e1 la red vial y lared peatonal -veredas, esquinas y rampa- con corrimiento de cercos.<br>-Se trabajar\u00e1 en el equipamiento urbano, que incluye arbolado p\u00fablico, contenedores de residuos domiciliarios, comunitarios, se\u00f1alizaci\u00f3n de calles y paradas de colectivos.<br>-En el parque Razquin se construir\u00e1 un SUM y play\u00f3n deportivo. Se har\u00e1n puentes peatonales y vehiculares; las correspondientes mensuras; parquizaciones en espacios verdes.<br>-24 viviendas nuevas, n\u00facleos h\u00famedos (ba\u00f1o + cocina) y n\u00facleos sanitarios.<\/p>\n\n\n\n<p>FUENTE: Mendozapost.<\/p>\n","protected":false},"excerpt":{"rendered":"<p>En una esperada noticia para los residentes de la zona Oeste del departamento de Godoy Cruz, se firm\u00f3 el acta de inicio de un proyecto que marca un hito despu\u00e9s de m\u00e1s de 20 a\u00f1os de espera: &#8220;Aires del Oeste&#8220;. Esta obra, con una&nbsp;inversi\u00f3n significativa de m\u00e1s de $4.000 millones, promete ser un salto de [&hellip;]<\/p>\n","protected":false},"author":2,"featured_media":3375,"comment_status":"open","ping_status":"open","sticky":true,"template":"","format":"standard","meta":[],"categories":[47],"tags":[],"_links":{"self":[{"href":"https:\/\/pasaenmendoza.com\/index.php?rest_route=\/wp\/v2\/posts\/3374"}],"collection":[{"href":"https:\/\/pasaenmendoza.com\/index.php?rest_route=\/wp\/v2\/posts"}],"about":[{"href":"https:\/\/pasaenmendoza.com\/index.php?rest_route=\/wp\/v2\/types\/post"}],"author":[{"embeddable":true,"href":"https:\/\/pasaenmendoza.com\/index.php?rest_route=\/wp\/v2\/users\/2"}],"replies":[{"embeddable":true,"href":"https:\/\/pasaenmendoza.com\/index.php?rest_route=%2Fwp%2Fv2%2Fcomments&post=3374"}],"version-history":[{"count":1,"href":"https:\/\/pasaenmendoza.com\/index.php?rest_route=\/wp\/v2\/posts\/3374\/revisions"}],"predecessor-version":[{"id":3376,"href":"https:\/\/pasaenmendoza.com\/index.php?rest_route=\/wp\/v2\/posts\/3374\/revisions\/3376"}],"wp:featuredmedia":[{"embeddable":true,"href":"https:\/\/pasaenmendoza.com\/index.php?rest_route=\/wp\/v2\/media\/3375"}],"wp:attachment":[{"href":"https:\/\/pasaenmendoza.com\/index.php?rest_route=%2Fwp%2Fv2%2Fmedia&parent=3374"}],"wp:term":[{"taxonomy":"category","embeddable":true,"href":"https:\/\/pasaenmendoza.com\/index.php?rest_route=%2Fwp%2Fv2%2Fcategories&post=3374"},{"taxonomy":"post_tag","embeddable":true,"href":"https:\/\/pasaenmendoza.com\/index.php?rest_route=%2Fwp%2Fv2%2Ftags&post=3374"}],"curies":[{"name":"wp","href":"https:\/\/api.w.org\/{rel}","templated":true}]}}