{"id":3377,"date":"2023-11-28T15:04:40","date_gmt":"2023-11-28T14:04:40","guid":{"rendered":"https:\/\/pasaenmendoza.com\/?p=3377"},"modified":"2023-11-28T15:04:41","modified_gmt":"2023-11-28T14:04:41","slug":"cornejo-se-reune-con-gobernadores-y-legisladores-de-jxc-para-analizar-las-finanzas-provinciales","status":"publish","type":"post","link":"https:\/\/pasaenmendoza.com\/?p=3377","title":{"rendered":"Cornejo se re\u00fane con gobernadores y legisladores de JxC para analizar las finanzas provinciales"},"content":{"rendered":"\n<p>Durante esa cumbre, que se desarrollar\u00e1 desde el mediod\u00eda en el Club Alem\u00e1n de Equitaci\u00f3n del barrio porte\u00f1o de Palermo, participar\u00e1n tambi\u00e9n los senadores y diputados nacionales actuales y pr\u00f3ximos a asumir de esa coalici\u00f3n<\/p>\n\n\n\n<p><strong>Los gobernadores en ejercicio y electos de\u00a0Juntos por el Cambio\u00a0(JxC) se reunir\u00e1n este martes junto a legisladores<\/strong>\u00a0de ese espacio para\u00a0<strong>analizar la situaci\u00f3n<\/strong>\u00a0pol\u00edtica que se abre con el nuevo Gobierno de Javier Milei, que asumir\u00e1 el 10 de diciembre, en un encuentro que estar\u00e1 dominado por la\u00a0<strong>situaci\u00f3n financiera de las provincias.<\/strong><\/p>\n\n\n\n<p>Durante esa cumbre, que se desarrollar\u00e1 desde el mediod\u00eda en el Club Alem\u00e1n de Equitaci\u00f3n del barrio porte\u00f1o de Palermo,&nbsp;<strong>participar\u00e1n tambi\u00e9n los senadores y diputados nacionales actuales y pr\u00f3ximos a asumir de esa coalici\u00f3n.<\/strong><\/p>\n\n\n\n<p>A partir de las\u00a0<strong>discrepancias en la c\u00fapula de JxC<\/strong>, donde desde hace mucho tiempo no hay una reuni\u00f3n de la Mesa Nacional y la Coalici\u00f3n C\u00edvica ya anunci\u00f3 su partida de la coalici\u00f3n, el n\u00facleo de gobernadores representa hoy un espacio de poder en el que\u00a0<strong>conviven mandatarios radicales y del PRO<\/strong>.<\/p>\n\n\n\n<p>Este grupo tuvo una reuni\u00f3n\u00a0el pasado mi\u00e9rcoles 22 de noviembre, tras el balotaje del 19 del mismo mes que consagr\u00f3 a Milei como futuro presidente, y de la que participaron los\u00a0<strong>10 mandatarios<\/strong>.<\/p>\n\n\n\n<p>Los gobernadores electos son&nbsp;<strong>Leandro Zdero (Chaco); Ignacio Torres (Chubut); Gustavo Vald\u00e9s (Corrientes); Rogelio Frigerio (Entre R\u00edos), Carlos Sadir (Jujuy); Alfredo Cornejo (Mendoza); Marcelo Orrego (San Juan); Claudio Poggi (San Luis) y Maximiliano Pullaro (Santa Fe), adem\u00e1s del jefe de Gobierno porte\u00f1o, Jorge Macri.<\/strong><\/p>\n\n\n\n<p>En ese encuentro de la semana pasada resolvieron que\u00a0<strong>respaldar\u00e1n a Milei<\/strong>, pero tambi\u00e9n expresaron que este apoyo ser\u00e1 con\u00a0<strong>condiciones<\/strong>.<\/p>\n\n\n\n<h2 class=\"wp-block-heading\">Las finanzas de las provincias en el centro<\/h2>\n\n\n\n<p>Los gobernadores tienen ahora, seg\u00fan dijeron varias fuentes a T\u00e9lam, las&nbsp;<strong>finanzas provinciales<\/strong>&nbsp;en el tope de su agenda.<\/p>\n\n\n\n<p>Argumentan que algunas decisiones tomadas por el Gobierno saliente, en particular la suba del m\u00ednimo no imponible del impuesto a las Ganancias, tuvo un impacto directo en las finanzas provinciales, cuesti\u00f3n que&nbsp;<strong>tambi\u00e9n hab\u00eda motivado una queja por parte del grupo de gobernadores de Uni\u00f3n por la Patria (UxP)<\/strong>.<\/p>\n\n\n\n<p>Los referentes provinciales vienen alertando sobre la necesidad de que se incrementen los fondos nacionales y, en ese aspecto, el gobernador electo de Chubut,&nbsp;<strong>Ignacio Torres<\/strong>, advirti\u00f3 durante el fin de semana que&nbsp;<strong>no podr\u00e1 pagar el aguinaldo a los trabajadores estatales<\/strong>&nbsp;hasta que el Gobierno nacional no los compense por la suba en el piso de Ganancias.<\/p>\n\n\n\n<p>En distintos reportajes, este grupo de gobernadores tambi\u00e9n anunci\u00f3 que est\u00e1n dispuestos a mantener una reuni\u00f3n con la futura administraci\u00f3n para conversar sobre estos temas, y tambi\u00e9n acerca de los planes del Gobierno de Milei respecto de\u00a0c\u00f3mo continuar\u00e1n desde el 10 de diciembre las obras p\u00fablicas ya iniciadas en los distintos distritos, luego de que el propio Presidente electo anunciara recortes en ese sentido.<\/p>\n\n\n\n<p>El fin de semana, el designado ministro del Interior, Guillermo Francos, aclar\u00f3 que cuando Milei dice que &#8220;cierra la obra p\u00fablica&#8221;, significa paralizarla\u00a0<strong>&#8220;hasta que tengamos recursos&#8221;<\/strong>.<\/p>\n\n\n\n<p>FUENTE: Diariouno.com.ar <\/p>\n","protected":false},"excerpt":{"rendered":"<p>Durante esa cumbre, que se desarrollar\u00e1 desde el mediod\u00eda en el Club Alem\u00e1n de Equitaci\u00f3n del barrio porte\u00f1o de Palermo, participar\u00e1n tambi\u00e9n los senadores y diputados nacionales actuales y pr\u00f3ximos a asumir de esa coalici\u00f3n Los gobernadores en ejercicio y electos de\u00a0Juntos por el Cambio\u00a0(JxC) se reunir\u00e1n este martes junto a legisladores\u00a0de ese espacio para\u00a0analizar [&hellip;]<\/p>\n","protected":false},"author":2,"featured_media":3378,"comment_status":"open","ping_status":"open","sticky":true,"template":"","format":"standard","meta":[],"categories":[47],"tags":[],"_links":{"self":[{"href":"https:\/\/pasaenmendoza.com\/index.php?rest_route=\/wp\/v2\/posts\/3377"}],"collection":[{"href":"https:\/\/pasaenmendoza.com\/index.php?rest_route=\/wp\/v2\/posts"}],"about":[{"href":"https:\/\/pasaenmendoza.com\/index.php?rest_route=\/wp\/v2\/types\/post"}],"author":[{"embeddable":true,"href":"https:\/\/pasaenmendoza.com\/index.php?rest_route=\/wp\/v2\/users\/2"}],"replies":[{"embeddable":true,"href":"https:\/\/pasaenmendoza.com\/index.php?rest_route=%2Fwp%2Fv2%2Fcomments&post=3377"}],"version-history":[{"count":1,"href":"https:\/\/pasaenmendoza.com\/index.php?rest_route=\/wp\/v2\/posts\/3377\/revisions"}],"predecessor-version":[{"id":3379,"href":"https:\/\/pasaenmendoza.com\/index.php?rest_route=\/wp\/v2\/posts\/3377\/revisions\/3379"}],"wp:featuredmedia":[{"embeddable":true,"href":"https:\/\/pasaenmendoza.com\/index.php?rest_route=\/wp\/v2\/media\/3378"}],"wp:attachment":[{"href":"https:\/\/pasaenmendoza.com\/index.php?rest_route=%2Fwp%2Fv2%2Fmedia&parent=3377"}],"wp:term":[{"taxonomy":"category","embeddable":true,"href":"https:\/\/pasaenmendoza.com\/index.php?rest_route=%2Fwp%2Fv2%2Fcategories&post=3377"},{"taxonomy":"post_tag","embeddable":true,"href":"https:\/\/pasaenmendoza.com\/index.php?rest_route=%2Fwp%2Fv2%2Ftags&post=3377"}],"curies":[{"name":"wp","href":"https:\/\/api.w.org\/{rel}","templated":true}]}}