{"id":3380,"date":"2023-11-29T13:11:18","date_gmt":"2023-11-29T12:11:18","guid":{"rendered":"https:\/\/pasaenmendoza.com\/?p=3380"},"modified":"2023-11-29T13:11:19","modified_gmt":"2023-11-29T12:11:19","slug":"la-motosierra-que-prepara-alfredo-cornejo-para-su-segundo-mandato-como-gobernador","status":"publish","type":"post","link":"https:\/\/pasaenmendoza.com\/?p=3380","title":{"rendered":"La motosierra que prepara Alfredo Cornejo para su segundo mandato como gobernador"},"content":{"rendered":"\n<p>Mientras que Javier Milei afina su plan de gobierno y redefine los integrantes de su gabinete, Alfredo Cornejo prepara el terreno para encarar reformas profundas. El antecedente del 2015.<\/p>\n\n\n\n<p>Cuando\u00a0<strong>Alfredo Cornejo\u00a0<\/strong>asumi\u00f3 el Gobierno, en diciembre del 2015, la provincia de Mendoza atravesaba una crisis profunda. R\u00e1pidamente, el mandatario radical redujo considerablemente la cantidad de ministerios, bajando de los 14 que ten\u00eda Francisco P\u00e9rez, a solamente seis. En su versi\u00f3n 2023, el gobernador electo apuesta a reducir la dimensi\u00f3n de algunos organismos p\u00fablicos y a los propios les suele repetir una frase categ\u00f3rica: &#8220;Cuando\u00a0<strong>Milei\u00a0<\/strong>prenda su motosierra, a la m\u00eda se le va a estar acabando la nafta&#8221;.\u00a0<\/p>\n\n\n\n<p>En otras palabras,\u00a0<strong>Alfredo Cornejo\u00a0<\/strong>ya tiene en mente un plan de ajuste del gasto p\u00fablico para su segunda gesti\u00f3n. Ya no ser\u00e1 una &#8220;revoluci\u00f3n de lo sencillo&#8221; como lo fue hace ocho a\u00f1os. El escenario nacional invita a avanzar con una cirug\u00eda mayor. La lupa estar\u00eda puesta sobre organismos que cuentan con grandes estructuras burocr\u00e1ticas y que, entienden, podr\u00edan simplificarse.<\/p>\n\n\n\n<p>&#8220;Queda mucho por hacer en este programa de achicar. En Mendoza, durante los primeros cuatro a\u00f1os de Cornejo y el gobierno de Rodolfo Suarez, se redujo la cantidad de empleados. Menos empleados con mejor calidad de servicios. No es nada f\u00e1cil sacar gente y la provincia comenz\u00f3 hace tiempo el proceso de consolidaci\u00f3n fiscal&#8221;, reconoci\u00f3 el diputado nacional Lisandro Nieri y representante de\u00a0<strong>Cornejo\u00a0<\/strong>en la mesa de transici\u00f3n.<\/p>\n\n\n\n<p>Si bien&nbsp;<strong>Cornejo&nbsp;<\/strong>a\u00fan no revela qui\u00e9nes ser\u00e1n los funcionarios elegidos para encarar esa nueva arquitectura estatal, ha aclarado que deben tener solvencia t\u00e9cnica. A su favor -para ahuyentar fantasmas- puede mostrar ejemplos virtuosos de cambios realizados durante su primera gesti\u00f3n como la reconversi\u00f3n de la&nbsp;Empresa Provincial de Transporte Mendoza (EPTM) en la actual Sociedad de Transporte Mendoza (STM).&nbsp;<\/p>\n\n\n\n<p>&#8220;A Alfredo le gusta trabajar con equipos chicos y seguir con una pauta de menor cantidad de personal. Pero siempre con una mejor prestaci\u00f3n de servicios&#8221;, aclar\u00f3 Nieri\u00a0y sostuvo que durante los gobiernos de Celso Jaque y Francisco P\u00e9rez hab\u00eda m\u00e1s personal y peores servicios. &#8220;Durante esas dos administraciones los servicios eran peores a pesar de que nombraron sin sentido a 25 mil empleados. Eso no se resuelve de un d\u00eda para el otro. Estamos hablando ahora de bajar la dotaci\u00f3n 10 mil personas, porque una vez que son nombradas permanecen pr\u00e1cticamente de por vida&#8221;, explic\u00f3.<\/p>\n\n\n\n<p>Pero m\u00e1s all\u00e1 de la &#8220;austeridad&#8221; que siempre ha presumido&nbsp;<strong>Cornejo<\/strong>, existe un condicionante nacional que lo empuja indefectiblemente en esa direcci\u00f3n. Las \u00faltimas declaraciones de&nbsp;<strong>Javier Milei<\/strong>, poniendo por ejemplo en duda la continuidad de la obra p\u00fablica, encienden las alarmas en todas las provincias del pa\u00eds. Los gobernadores ya est\u00e1n reclamando por la ca\u00edda en sus ingresos a ra\u00edz de la eliminaci\u00f3n del impuesto a las Ganancias, cuya recaudaci\u00f3n integraba la masa de recursos coparticipables.<\/p>\n\n\n\n<p>&#8220;Los gobernadores deben entender que no hay plata&#8221;, manifest\u00f3 el futuro ministro del Interior Guillermo Francos ratificando los dichos del presidente electo. Eso genera incertidumbre, pero en Mendoza entienden que el impacto ser\u00e1 menor que en otras provincias del pa\u00eds. El m\u00e1s preocupado de todos, sin dudas, es el bonaerense Axel Kicillof.<\/p>\n\n\n\n<p>Por ejemplo, en Mendoza solo el 10% de la tarifa del transporte p\u00fablico la subsidia el gobierno nacional, mientras que el resto lo subsidia la provincia. En el AMBA la ecuaci\u00f3n es diferente y sin los subsidios nacionales el precio del boleto pegar\u00eda&nbsp;un salto considerable.<\/p>\n\n\n\n<p>Volviendo a Mendoza, en el gobierno provincial son conscientes de que cuentan con una herramienta \u00fanica que ser\u00e1 la envidia del resto del pa\u00eds. Para la \u00e9poca de vacas flacas que se avecina, el gobierno de&nbsp;<strong>Alfredo Cornejo<\/strong>&nbsp;contar\u00e1 con una reserva de 1000 millones de d\u00f3lares para invertir en obras. Se trata de los fondos de Portezuelo del Viento cuyo destino final a\u00fan no est\u00e1 definido pero sin lugar a dudas le dan al gobernador electo independencia para proyectar un plan sin depender de la Casa Rosada.<\/p>\n\n\n\n<p>A\u00fan es un misterio -incluso para los propios- qui\u00e9nes ser\u00e1n los funcionarios del segundo mandato de\u00a0<strong>Alfredo Cornejo<\/strong>. Lo que est\u00e1 claro es que, m\u00e1s all\u00e1 de los nombres, tendr\u00e1n una compleja tarea por delante.<\/p>\n\n\n\n<p>FUENTE: Mdzonline.<\/p>\n","protected":false},"excerpt":{"rendered":"<p>Mientras que Javier Milei afina su plan de gobierno y redefine los integrantes de su gabinete, Alfredo Cornejo prepara el terreno para encarar reformas profundas. El antecedente del 2015. Cuando\u00a0Alfredo Cornejo\u00a0asumi\u00f3 el Gobierno, en diciembre del 2015, la provincia de Mendoza atravesaba una crisis profunda. R\u00e1pidamente, el mandatario radical redujo considerablemente la cantidad de ministerios, [&hellip;]<\/p>\n","protected":false},"author":2,"featured_media":3381,"comment_status":"open","ping_status":"open","sticky":true,"template":"","format":"standard","meta":[],"categories":[47],"tags":[],"_links":{"self":[{"href":"https:\/\/pasaenmendoza.com\/index.php?rest_route=\/wp\/v2\/posts\/3380"}],"collection":[{"href":"https:\/\/pasaenmendoza.com\/index.php?rest_route=\/wp\/v2\/posts"}],"about":[{"href":"https:\/\/pasaenmendoza.com\/index.php?rest_route=\/wp\/v2\/types\/post"}],"author":[{"embeddable":true,"href":"https:\/\/pasaenmendoza.com\/index.php?rest_route=\/wp\/v2\/users\/2"}],"replies":[{"embeddable":true,"href":"https:\/\/pasaenmendoza.com\/index.php?rest_route=%2Fwp%2Fv2%2Fcomments&post=3380"}],"version-history":[{"count":1,"href":"https:\/\/pasaenmendoza.com\/index.php?rest_route=\/wp\/v2\/posts\/3380\/revisions"}],"predecessor-version":[{"id":3382,"href":"https:\/\/pasaenmendoza.com\/index.php?rest_route=\/wp\/v2\/posts\/3380\/revisions\/3382"}],"wp:featuredmedia":[{"embeddable":true,"href":"https:\/\/pasaenmendoza.com\/index.php?rest_route=\/wp\/v2\/media\/3381"}],"wp:attachment":[{"href":"https:\/\/pasaenmendoza.com\/index.php?rest_route=%2Fwp%2Fv2%2Fmedia&parent=3380"}],"wp:term":[{"taxonomy":"category","embeddable":true,"href":"https:\/\/pasaenmendoza.com\/index.php?rest_route=%2Fwp%2Fv2%2Fcategories&post=3380"},{"taxonomy":"post_tag","embeddable":true,"href":"https:\/\/pasaenmendoza.com\/index.php?rest_route=%2Fwp%2Fv2%2Ftags&post=3380"}],"curies":[{"name":"wp","href":"https:\/\/api.w.org\/{rel}","templated":true}]}}