{"id":3383,"date":"2023-11-29T13:14:40","date_gmt":"2023-11-29T12:14:40","guid":{"rendered":"https:\/\/pasaenmendoza.com\/?p=3383"},"modified":"2023-11-29T13:14:41","modified_gmt":"2023-11-29T12:14:41","slug":"ganancias-iva-y-los-80-000-millones-menos-para-mendoza","status":"publish","type":"post","link":"https:\/\/pasaenmendoza.com\/?p=3383","title":{"rendered":"Ganancias, IVA y los 80.000 millones menos para Mendoza"},"content":{"rendered":"\n<p>Mientras&nbsp;<strong>Alfredo Cornejo<\/strong>&nbsp;comienza a preparar e imaginar ya con datos reales y una proyecci\u00f3n un poco m\u00e1s clara hacia d\u00f3nde intentar\u00e1 guiar la provincia en su segundo mandato, que arranca el 9 de diciembre, ya sabe que, de entrada, tendr\u00e1 menos recursos por coparticipaci\u00f3n por el impacto de la eliminaci\u00f3n de Ganancias para unos 800.000 empleados de ingresos altos en todo el pa\u00eds y el del Compre sin IVA, ambas medidas tomadas por&nbsp;<strong>Sergio Massa&nbsp;<\/strong>y apoyadas por el presidente<strong>&nbsp;Javier Milei&nbsp;<\/strong>desde su banca de Diputados.<\/p>\n\n\n\n<p>En t\u00e9rminos reales, la p\u00e9rdida anual proyectada ser\u00e1 de dos n\u00f3minas de salarios de los empleados p\u00fablicos provinciales,&nbsp;<strong>entre 70 y 80.000 millones de pesos menos<\/strong>. Pero podr\u00eda incrementarse al doble de esas cifras, dependiendo de cu\u00e1nto var\u00eden los salarios y las modificaciones al Salario M\u00ednimo, Vital y M\u00f3vil (SMVM), de acuerdo con el c\u00e1lculo que manejan en Hacienda de la provincia.<\/p>\n\n\n\n<p>La detracci\u00f3n en la coparticipaci\u00f3n ha sido el tema central que le ha dado vida a las dos reuniones de&nbsp;<strong>gobernadores&nbsp;<\/strong>provinciales en la CABA, que se realizaron este martes. Una, la de la Liga de Gobernadores de los diez representantes de Juntos por el Cambio, entre los que est\u00e1&nbsp;<strong>Mendoza<\/strong>, claramente; la otra del grupo de mandatarios peronistas entre los que est\u00e1n quienes ganaron sus elecciones y los que perdieron en manos o bien de Juntos por el Cambio o de fuerzas territoriales o provinciales.<\/p>\n\n\n\n<p><strong>Chubut, Santa Fe y Entre R\u00edos<\/strong>&nbsp;ser\u00edan las provincias de Juntos por el Cambio con problemas para hacerles frente a los gastos extras de diciembre; por el lado del peronismo&nbsp;<strong>Buenos Aires<\/strong>, el mayor estado subnacional argentino, gobernado por Axel Kicillof, quien analiza salir a gestionar un cr\u00e9dito extraordinario frente a la escasez de recursos, y ante un Milei que ha advertido que comenzar\u00e1 a gobernar sin plata para la obra p\u00fablica y mucho menos para mantener las partidas discrecionales no autom\u00e1ticas, como los adelantos del tesoro nacional (ATN), que dejar\u00edan de utilizarse por parte del Ejecutivo nacional.<\/p>\n\n\n\n<p>Los cinco gobernadores radicales, m\u00e1s los tres del Pro y los dos de partidos provinciales, junto a un centenar de legisladores y referentes de la coalici\u00f3n opositora, volvieron a debatir el tema financiero y la estrategia pol\u00edtica que se dar\u00e1n con Milei: entre ser por dem\u00e1s oficialistas y convertirse en una suerte de guardia pretoriana del libertario frente a los embates del kirchnerismo con representaci\u00f3n parlamentaria o m\u00e1s bien asumir un rol de opositores medidos, asumiendo el rol del control de la marcha de la gesti\u00f3n nacional, garantizando a la vez gobernabilidad al nuevo gobierno. En alg\u00fan momento, seg\u00fan se pudo reconstruir de las consultas a las fuentes participantes del encuentro,&nbsp;<strong>el debate subi\u00f3 de tono ante la propuesta de una parte del Pro de sumarse decididamente a Milei<\/strong>, institucionalmente, lo que en principio qued\u00f3 descartado. La f\u00f3rmula o estrategia que gan\u00f3 por mayor\u00eda es la de que nadie podr\u00e1 impedirle a un referente de Juntos por el Cambio que se sume al gabinete de Milei, como bien podr\u00eda ser&nbsp;<strong>Patricia Bullrich<\/strong>, eventualmente,&nbsp;<strong>Luis Petri<\/strong>, si lo llaman para Defensa, o cualquier otro, aunque lo tendr\u00edan que hacer a t\u00edtulo personal, sin comprometer a la coalici\u00f3n, o lo que queda de ella, y por la que algunos, como&nbsp;<strong>Cornejo<\/strong>, hacen todav\u00eda esfuerzos para mantenerla unida frente a lo que viene.<\/p>\n\n\n\n<p>Lo que s\u00ed quedo claro, en principio, es que los gobernadores y los legisladores de Juntos apoyar\u00edan fuertemente la l\u00ednea de acci\u00f3n que Milei le impondr\u00eda a su gobierno y con la que lleg\u00f3 a ganar las elecciones:&nbsp;<strong>un cambio dr\u00e1stico al rumbo econ\u00f3mico, la desregulaci\u00f3n y la apertura de toda la actividad, el orden fiscal, la baja del gasto y de la presi\u00f3n impositiva<\/strong>.<em>&nbsp;\u201cNo se trata de apoyar todo ni que se convierta en un cheque en blanco, en absoluto. Pero s\u00ed de un apoyo con matices\u201d<\/em>, dijo una de las fuentes, asistente al c\u00f3nclave que se realiz\u00f3 en el barrio de Palermo, en la CABA.<\/p>\n\n\n\n<p>Cuando la tensi\u00f3n subi\u00f3, en aquel tramo de la discusi\u00f3n sobre la estrategia pol\u00edtica y el alcance de los apoyos a&nbsp;<strong>Milei<\/strong>, quienes se manifestaron a favor de encarar una postura de responsabilidad recordaron los primeros meses del gobierno de&nbsp;<strong>Alberto Fern\u00e1ndez<\/strong>, cuando fue la oposici\u00f3n la que le acerc\u00f3 los votos para encarar la renegociaci\u00f3n con el&nbsp;<strong>FMI<\/strong>. Fue un ejemplo, seg\u00fan aseveraron los que se inclinan por un apoyo con matices, para nada incondicional como parte del Pro plante\u00f3.<\/p>\n\n\n\n<p>De forma paralela a este encuentro, los peronistas ten\u00edan el suyo en la sede del Banco Provincia, territorio de Kicillof. All\u00ed se discut\u00eda qu\u00e9 hacer frente a la falta de recursos para pagar los sueldos y aguinaldos de diciembre, y recib\u00edan, a la vez, a&nbsp;<strong>Guillermo Francos<\/strong>, el ministro de Interior que tendr\u00e1 Milei desde el inicio de la gesti\u00f3n. Y sobre ese punto, los gobernadores de la Liga volvieron a ratificar su posici\u00f3n legislativa cuando la modificaci\u00f3n de&nbsp;<strong>Ganancias&nbsp;<\/strong>lleg\u00f3 al parlamento y los radicales, particularmente, se opusieron a los cambios bajo el argumento de que se desfinanciar\u00edan las provincias, adem\u00e1s de levantar dudas sobre la compensaci\u00f3n que les promet\u00eda&nbsp;<strong>Massa&nbsp;<\/strong>en su car\u00e1cter de ministro de Econom\u00eda y candidato a la Presidencia, a la vez.<\/p>\n\n\n\n<p><em>\u201cFuimos criticados, cuestionados, pero ahora todos saben que defendimos una posici\u00f3n responsable en un lugar muy inc\u00f3modo, porque habr\u00e1 provincias que tendr\u00e1n serios problemas para pagar los aguinaldos y financiar el Estado\u201d<\/em>, dijeron.<\/p>\n\n\n\n<p>FUENTE: elsol.com.ar <\/p>\n","protected":false},"excerpt":{"rendered":"<p>Mientras&nbsp;Alfredo Cornejo&nbsp;comienza a preparar e imaginar ya con datos reales y una proyecci\u00f3n un poco m\u00e1s clara hacia d\u00f3nde intentar\u00e1 guiar la provincia en su segundo mandato, que arranca el 9 de diciembre, ya sabe que, de entrada, tendr\u00e1 menos recursos por coparticipaci\u00f3n por el impacto de la eliminaci\u00f3n de Ganancias para unos 800.000 empleados [&hellip;]<\/p>\n","protected":false},"author":2,"featured_media":3384,"comment_status":"open","ping_status":"open","sticky":true,"template":"","format":"standard","meta":[],"categories":[47],"tags":[],"_links":{"self":[{"href":"https:\/\/pasaenmendoza.com\/index.php?rest_route=\/wp\/v2\/posts\/3383"}],"collection":[{"href":"https:\/\/pasaenmendoza.com\/index.php?rest_route=\/wp\/v2\/posts"}],"about":[{"href":"https:\/\/pasaenmendoza.com\/index.php?rest_route=\/wp\/v2\/types\/post"}],"author":[{"embeddable":true,"href":"https:\/\/pasaenmendoza.com\/index.php?rest_route=\/wp\/v2\/users\/2"}],"replies":[{"embeddable":true,"href":"https:\/\/pasaenmendoza.com\/index.php?rest_route=%2Fwp%2Fv2%2Fcomments&post=3383"}],"version-history":[{"count":1,"href":"https:\/\/pasaenmendoza.com\/index.php?rest_route=\/wp\/v2\/posts\/3383\/revisions"}],"predecessor-version":[{"id":3385,"href":"https:\/\/pasaenmendoza.com\/index.php?rest_route=\/wp\/v2\/posts\/3383\/revisions\/3385"}],"wp:featuredmedia":[{"embeddable":true,"href":"https:\/\/pasaenmendoza.com\/index.php?rest_route=\/wp\/v2\/media\/3384"}],"wp:attachment":[{"href":"https:\/\/pasaenmendoza.com\/index.php?rest_route=%2Fwp%2Fv2%2Fmedia&parent=3383"}],"wp:term":[{"taxonomy":"category","embeddable":true,"href":"https:\/\/pasaenmendoza.com\/index.php?rest_route=%2Fwp%2Fv2%2Fcategories&post=3383"},{"taxonomy":"post_tag","embeddable":true,"href":"https:\/\/pasaenmendoza.com\/index.php?rest_route=%2Fwp%2Fv2%2Ftags&post=3383"}],"curies":[{"name":"wp","href":"https:\/\/api.w.org\/{rel}","templated":true}]}}