{"id":3386,"date":"2023-11-29T13:20:39","date_gmt":"2023-11-29T12:20:39","guid":{"rendered":"https:\/\/pasaenmendoza.com\/?p=3386"},"modified":"2023-11-29T13:20:39","modified_gmt":"2023-11-29T12:20:39","slug":"el-colegio-de-abogados-reclamo-a-la-suprema-corte-por-3-temas-que-afectan-el-trabajo-y-los-ingresos","status":"publish","type":"post","link":"https:\/\/pasaenmendoza.com\/?p=3386","title":{"rendered":"El Colegio de Abogados reclam\u00f3 a la Suprema Corte por 3 temas que afectan el trabajo y los ingresos"},"content":{"rendered":"\n<p>El Colegio de Abogados le pidi\u00f3 a la Suprema Corte por los paros de los judiciales, el funcionamiento del sistema operativo y la actualizaci\u00f3n de la base de c\u00e1culos de los honorarios<\/p>\n\n\n\n<p>l directorio del\u00a0<strong>Colegio de Abogados de Mendoza<\/strong>\u00a0reclam\u00f3 a la\u00a0Suprema Corte de Justicia\u00a0que solucione tres asuntos que complican y ralentizan el trabajo de sus asociados e incluso afectan el cobro de honorarios profesionales.<\/p>\n\n\n\n<p>Por nota dirigida al presidente,&nbsp;<strong>Dalmiro Garay, Andrea Maturana<\/strong>&nbsp;y otras autoridades del Colegio de Abogados demandaron soluciones urgentes acerca de:&nbsp;<strong>1) el conflicto laboral de los empleados y funcionarios judiciales, 2) el funcionamiento del sistema inform\u00e1tico Iurix On Line y 3) la actualizaci\u00f3n de la JUS, unidad de medida que se tiene en cuenta para fijar los honorarios profesionales.<\/strong><\/p>\n\n\n\n<p>Sostienen que este panorama afecta a todas las instancias procesales, que se demoran las sentencias y que conspira contra la econom\u00eda particular de los asociados.<\/p>\n\n\n\n<p>El plan de lucha de empleados y funcionarios judiciales, dijo el Colegio de Abogados&nbsp;<strong>&#8220;implica acciones en los lugares de trabajo sin prestaci\u00f3n de servicios, afectando el avance judicial en todas sus instancias&#8230;&#8221;.<\/strong><\/p>\n\n\n\n<p>Acerca del sistema operativo inform\u00e1tico Iurix On Line, se\u00f1al\u00f3 que<strong>&nbsp;&#8220;hay inconvenientes reiterados y conocidos que se mantienen en todos los fueros desde comienzos de este a\u00f1o&#8221;.<\/strong><\/p>\n\n\n\n<p>Ya sobre el valor de la unidad JUS, que se toma como referencia para calcular los honorarios profesionales, dijo:<strong>\u00a0&#8220;Se mantiene sin respuesta de la Excelent\u00edsima Suprema Corte de Justicia nuestro reclamo efectuado oportunamente. La unidad de medida JUS tiene el mismo valor desde el 1 de enero de 2023 (&#8230;) Es una omisi\u00f3n institucional grave, un desprecio del emolumento del abogado y del procurador&#8221;.<\/strong><\/p>\n\n\n\n<h2 class=\"wp-block-heading\">La respuesta de la Suprema Corte de Justicia<\/h2>\n\n\n\n<p>Desde la presidencia del m\u00e1ximo tribunal de Justicia contestaron a Diario UNO que est\u00e1n recabando todos los informes pertinentes para brindar una respuesta al Colegio de Abogados.<\/p>\n\n\n\n<p>El reclamo institucional ingres\u00f3 por Mesa de Entradas del Poder Judicial este martes, el d\u00eda despu\u00e9s de que Garay fuera reelecto hasta noviembre de 2025 titular de la Corte y presidente de la Sala Administrativa, que dispone de los recursos humanos, t\u00e9cnicos y financieros.<\/p>\n\n\n\n<p>a otrora denominada Sala 3 se completa con los supremos\u00a0<strong>Mario Daniel Adaro y Omar Palermo<\/strong>\u00a0-del ala peronista- como vicepresidentes primero y segundo.<\/p>\n\n\n\n<p>FUENTE: diariouno.com.ar <\/p>\n","protected":false},"excerpt":{"rendered":"<p>El Colegio de Abogados le pidi\u00f3 a la Suprema Corte por los paros de los judiciales, el funcionamiento del sistema operativo y la actualizaci\u00f3n de la base de c\u00e1culos de los honorarios l directorio del\u00a0Colegio de Abogados de Mendoza\u00a0reclam\u00f3 a la\u00a0Suprema Corte de Justicia\u00a0que solucione tres asuntos que complican y ralentizan el trabajo de sus [&hellip;]<\/p>\n","protected":false},"author":2,"featured_media":3387,"comment_status":"open","ping_status":"open","sticky":true,"template":"","format":"standard","meta":[],"categories":[47],"tags":[],"_links":{"self":[{"href":"https:\/\/pasaenmendoza.com\/index.php?rest_route=\/wp\/v2\/posts\/3386"}],"collection":[{"href":"https:\/\/pasaenmendoza.com\/index.php?rest_route=\/wp\/v2\/posts"}],"about":[{"href":"https:\/\/pasaenmendoza.com\/index.php?rest_route=\/wp\/v2\/types\/post"}],"author":[{"embeddable":true,"href":"https:\/\/pasaenmendoza.com\/index.php?rest_route=\/wp\/v2\/users\/2"}],"replies":[{"embeddable":true,"href":"https:\/\/pasaenmendoza.com\/index.php?rest_route=%2Fwp%2Fv2%2Fcomments&post=3386"}],"version-history":[{"count":1,"href":"https:\/\/pasaenmendoza.com\/index.php?rest_route=\/wp\/v2\/posts\/3386\/revisions"}],"predecessor-version":[{"id":3388,"href":"https:\/\/pasaenmendoza.com\/index.php?rest_route=\/wp\/v2\/posts\/3386\/revisions\/3388"}],"wp:featuredmedia":[{"embeddable":true,"href":"https:\/\/pasaenmendoza.com\/index.php?rest_route=\/wp\/v2\/media\/3387"}],"wp:attachment":[{"href":"https:\/\/pasaenmendoza.com\/index.php?rest_route=%2Fwp%2Fv2%2Fmedia&parent=3386"}],"wp:term":[{"taxonomy":"category","embeddable":true,"href":"https:\/\/pasaenmendoza.com\/index.php?rest_route=%2Fwp%2Fv2%2Fcategories&post=3386"},{"taxonomy":"post_tag","embeddable":true,"href":"https:\/\/pasaenmendoza.com\/index.php?rest_route=%2Fwp%2Fv2%2Ftags&post=3386"}],"curies":[{"name":"wp","href":"https:\/\/api.w.org\/{rel}","templated":true}]}}