{"id":3398,"date":"2023-11-29T16:33:36","date_gmt":"2023-11-29T15:33:36","guid":{"rendered":"https:\/\/pasaenmendoza.com\/?p=3398"},"modified":"2023-11-29T16:33:37","modified_gmt":"2023-11-29T15:33:37","slug":"un-miembro-de-los-canavis-liberado-por-un-asesinato-amenazo-con-matar-a-una-hija","status":"publish","type":"post","link":"https:\/\/pasaenmendoza.com\/?p=3398","title":{"rendered":"Un miembro de los Canavis liberado por un asesinato amenaz\u00f3 con matar a una hija"},"content":{"rendered":"\n<p>Desde hace casi una d\u00e9cada que la banda conocida como&nbsp;<strong>Los Canavis<\/strong>&nbsp;comenz\u00f3 a tomar relevancia en la zona de&nbsp;<strong>El Plumerillo<\/strong>,&nbsp;<strong>Las Heras<\/strong>. Con base en el<strong>&nbsp;barrio Santa Teresita<\/strong>, considerado uno de los m\u00e1s peligrosos de ese sector, la gavilla familiar liderada por los hermanos Villalba Quiroga ha sido sindicado a lo largo de los a\u00f1os por venta de drogas, amenazas, tiroteos, robos y hasta homicidios.<\/p>\n\n\n\n<p>En junio del a\u00f1o pasado, quedaron nuevamente bajo la lupa de los detectives por el asesinato del futbolista\u00a0<strong>Lucas Amarilla\u00a0<\/strong>y varios de ellos quedaron tras las rejas. Entre los sospechosos se destacaba\u00a0<strong>Franco Jesus Villalba Quiroga<\/strong>, alias el\u00a0<em>Macaco<\/em>, sindicado como uno de los pilares de la organizaci\u00f3n delictiva.\u00a0<mark>Tambi\u00e9n sorprendi\u00f3 la ca\u00edda de un medio hermano que, quiz\u00e1s, estaba fuera del radar policial y era poco conocido:\u00a0<strong>Roberto Armando Gonz\u00e1lez Quiroga<\/strong><\/mark>\u00a0(44).<\/p>\n\n\n\n<p>El mayor de los ocho hermanos de la familia Villalba Quiroga dur\u00f3 poco tiempo complicado en el expediente liderado por el fiscal de Homicidios\u00a0<strong>Carlos Torres<\/strong>, ya que en enero de este a\u00f1o recuper\u00f3 la libertad. Pero\u00a0<mark>su regreso a las calles tambi\u00e9n fue fugaz, debido a que fue denunciado por su propia hija meses despu\u00e9s<\/mark>.<\/p>\n\n\n\n<p>De acuerdo con fuentes judiciales, la mayor de sus cinco hijas (tambi\u00e9n tiene dos varones), de 21 a\u00f1os, se encontraba el 6 de abril en el&nbsp;<strong>Cementerio de la Ciudad de Mendoza<\/strong>&nbsp;cuando recibi\u00f3 un llamado a su celular.<\/p>\n\n\n\n<p>Cuando atendi\u00f3, escuch\u00f3 la voz de su padre, quien sonaba alterado y le dijo que&nbsp;<em>\u201cestaba buscando a su mam\u00e1 y que si no le dec\u00eda d\u00f3nde estaba la iba a matar y le iba a prender fuego la casa\u201d<\/em>, consta en la presentaci\u00f3n judicial que hizo la chica.<\/p>\n\n\n\n<p>La denuncia agrega que\u00a0<mark>el\u00a0<em>Flaco Robert<\/em>, como lo llaman, tambi\u00e9n le expres\u00f3 que\u00a0<em>\u201ciba a matar a su mam\u00e1 porque lo hab\u00eda gorreado y que si se met\u00eda la iba a matar\u201d<\/em><\/mark>, provocando un fuerte temor en su hija, quien no dud\u00f3 en acudir a la Justicia.<\/p>\n\n\n\n<p>Al cabo de algunos meses, el&nbsp;<em>Flaco Robert&nbsp;<\/em>fue atrapado, imputado por el delito de coacciones activas y regres\u00f3 a la c\u00e1rcel. Recientemente, enfrent\u00f3 una audiencia judicial en la que la jueza&nbsp;<strong>Dolores Ram\u00f3n<\/strong>, del<strong>&nbsp;Juzgado Penal Colegiado N\u00ba 1<\/strong>,<mark>&nbsp;le dict\u00f3 la prisi\u00f3n preventiva solicitada por Ticheli y rechaz\u00f3 el pedido de la defensa para que cumpla con la medida de coerci\u00f3n en la modalidad domiciliaria<\/mark>.<\/p>\n\n\n\n<p>Adem\u00e1s, los representantes legales de Gonz\u00e1lez Quiroga,<strong>\u00a0Lucas Soler<\/strong>\u00a0y\u00a0<strong>Flavia Oviedo<\/strong>, solicitaron la apertura del celular de la denunciante, con el objetivo de demostrar que el conflicto con su cliente fue una situaci\u00f3n de menor gravedad y que, posteriormente, hubo un pedido de disculpas y reconciliaci\u00f3n entre las partes, tal como lo declar\u00f3 el propio imputado en el expediente.<\/p>\n\n\n\n<p><strong>Una de cal y otra de arena<\/strong><\/p>\n\n\n\n<p>El 27 de octubre el Gonz\u00e1lez Quiroga fue sobrese\u00eddo por la jueza&nbsp;<strong>Patricia S\u00e1nchez<\/strong>, del Juzgado Penal Colegiado N\u00ba 1, junto a su medio hermano, el&nbsp;<em>Macaco<\/em>, en la causa que investiga el asesinato de Lucas Amarilla.<\/p>\n\n\n\n<p>Por ese hecho de sangre, en el que fue ultimado el joven futbolista que\u00a0<mark>qued\u00f3 en medio de un tiroteo entre bandas antagonistas de la zona mientras iba a comprar junto a un primo a un negocio del barrio Santa Teresita,<\/mark>\u00a0contin\u00faan acusados\u00a0<strong>Jes\u00fas Sebasti\u00e1n Villalba Elizondo<\/strong>\u00a0\u00a0\u2013tambi\u00e9n est\u00e1 imputado por el crimen de David Gast\u00f3n Piroli\u2013, su hermano de 17 a\u00f1os (ambos sobrinos del\u00a0<em>Flaco Robert\u00a0<\/em>y el\u00a0<em>Macaco<\/em>) y\u00a0<strong>Nehem\u00edas Miguel Eskers<\/strong>.<\/p>\n\n\n\n<p>M\u00e1s all\u00e1 de haber zafado en ese expediente,&nbsp;<mark>contin\u00faa imputado por una tenencia ilegal de arma de fuego, ya que le hallaron una escopeta y municiones cuando polic\u00edas de Investigaciones lo capturaron en su casa del&nbsp;<strong>barrio Puerta del Sol<\/strong><\/mark>, en&nbsp;<strong>El Carrizal<\/strong>,&nbsp;<strong>Luj\u00e1n de Cuyo<\/strong>, en agosto del a\u00f1o pasado.<\/p>\n\n\n\n<p>El fiscal Carlos Torres est\u00e1 pronto a elevar a juicio oral y p\u00fablico esa causa y Gonz\u00e1lez Quiroga podr\u00eda sumar una condena en un futuro cercano, mientras avanza la denuncia por las presuntas coacciones contra su hija. <\/p>\n\n\n\n<p><strong>Fuente: www.elsol.com.ar<\/strong><\/p>\n","protected":false},"excerpt":{"rendered":"<p>Desde hace casi una d\u00e9cada que la banda conocida como&nbsp;Los Canavis&nbsp;comenz\u00f3 a tomar relevancia en la zona de&nbsp;El Plumerillo,&nbsp;Las Heras. Con base en el&nbsp;barrio Santa Teresita, considerado uno de los m\u00e1s peligrosos de ese sector, la gavilla familiar liderada por los hermanos Villalba Quiroga ha sido sindicado a lo largo de los a\u00f1os por venta [&hellip;]<\/p>\n","protected":false},"author":2,"featured_media":3399,"comment_status":"open","ping_status":"open","sticky":false,"template":"","format":"standard","meta":[],"categories":[48],"tags":[],"_links":{"self":[{"href":"https:\/\/pasaenmendoza.com\/index.php?rest_route=\/wp\/v2\/posts\/3398"}],"collection":[{"href":"https:\/\/pasaenmendoza.com\/index.php?rest_route=\/wp\/v2\/posts"}],"about":[{"href":"https:\/\/pasaenmendoza.com\/index.php?rest_route=\/wp\/v2\/types\/post"}],"author":[{"embeddable":true,"href":"https:\/\/pasaenmendoza.com\/index.php?rest_route=\/wp\/v2\/users\/2"}],"replies":[{"embeddable":true,"href":"https:\/\/pasaenmendoza.com\/index.php?rest_route=%2Fwp%2Fv2%2Fcomments&post=3398"}],"version-history":[{"count":1,"href":"https:\/\/pasaenmendoza.com\/index.php?rest_route=\/wp\/v2\/posts\/3398\/revisions"}],"predecessor-version":[{"id":3400,"href":"https:\/\/pasaenmendoza.com\/index.php?rest_route=\/wp\/v2\/posts\/3398\/revisions\/3400"}],"wp:featuredmedia":[{"embeddable":true,"href":"https:\/\/pasaenmendoza.com\/index.php?rest_route=\/wp\/v2\/media\/3399"}],"wp:attachment":[{"href":"https:\/\/pasaenmendoza.com\/index.php?rest_route=%2Fwp%2Fv2%2Fmedia&parent=3398"}],"wp:term":[{"taxonomy":"category","embeddable":true,"href":"https:\/\/pasaenmendoza.com\/index.php?rest_route=%2Fwp%2Fv2%2Fcategories&post=3398"},{"taxonomy":"post_tag","embeddable":true,"href":"https:\/\/pasaenmendoza.com\/index.php?rest_route=%2Fwp%2Fv2%2Ftags&post=3398"}],"curies":[{"name":"wp","href":"https:\/\/api.w.org\/{rel}","templated":true}]}}