{"id":3404,"date":"2023-11-29T22:13:28","date_gmt":"2023-11-29T21:13:28","guid":{"rendered":"https:\/\/pasaenmendoza.com\/?p=3404"},"modified":"2023-11-29T22:13:28","modified_gmt":"2023-11-29T21:13:28","slug":"la-nacion-despejo-dudas-las-aseguradoras-deberan-exigir-la-rto-desde-enero-de-2024","status":"publish","type":"post","link":"https:\/\/pasaenmendoza.com\/?p=3404","title":{"rendered":"La Naci\u00f3n despej\u00f3 dudas: las aseguradoras deber\u00e1n exigir la RTO desde enero de 2024"},"content":{"rendered":"\n<p>La Superintendencia de Seguros de la Naci\u00f3n despej\u00f3 dudas respecto de la cobertura o no de las aseguradoras a veh\u00edculos sin\u00a0<strong>RTO<\/strong>. En su \u00faltima resoluci\u00f3n, determin\u00f3 que para la celebraci\u00f3n de una p\u00f3liza en el 2024\u00a0<strong>&#8220;las entidades aseguradoras deber\u00e1n exigir el cumplimiento de la revisi\u00f3n t\u00e9cnica obligatoria&#8221;<\/strong>.<\/p>\n\n\n\n<p>La resoluci\u00f3n N\u00ba 534\/2023 publicada el viernes en el Bolet\u00edn Oficial se\u00f1ala las<strong>\u00a0nuevas reglas<\/strong>\u00a0para la actividad de las aseguradoras y establece que las mismas<strong>\u00a0ser\u00e1n de aplicaci\u00f3n dentro de 60 d\u00edas<\/strong>, es decir, desde fines de enero.<\/p>\n\n\n\n<p>Entre los cambios, la Naci\u00f3n esteblece ahora sin dudas y por escrito, que &#8220;previo a la celebraci\u00f3n del contrato de seguro, las entidades aseguradoras deber\u00e1n exigir el cumplimiento de la revisi\u00f3n t\u00e9cnica obligatoria (RTO) o que el veh\u00edculo est\u00e9 en condiciones reglamentarias de seguridad si aqu\u00e9lla no se ha realizado en el a\u00f1o previo&#8221;.<\/p>\n\n\n\n<h2 class=\"wp-block-heading\">La cobertura obligatoria incluir\u00e1 la RTO<\/h2>\n\n\n\n<p>La cobertura b\u00e1sica de la p\u00f3liza ser\u00e1, como hasta ahora, la &#8220;<strong>Responsabilidad Civil Obligatorio hacia Terceros<\/strong>&nbsp;Transportados y no Transportados&#8221; que exige la Ley de Tr\u00e1nsito y Seguridad Vial N\u00b0 24.449 y seguir\u00e1 teniendo una vigencia de un a\u00f1o.<\/p>\n\n\n\n<p>Ahora bien,&nbsp;<strong>para la celebraci\u00f3n de la nueva p\u00f3liza, la entidad deber\u00e1 exigirle al cliente que tenga la RTO realizada<\/strong>&nbsp;o que su veh\u00edculo est\u00e9 en condiciones reglamentarias de seguridad si aquella no se ha realizado en el a\u00f1o previo.<\/p>\n\n\n\n<p>La normativa establece adem\u00e1s que las coberturas voluntarias, como la de Responsabilidad Civil Voluntaria, Da\u00f1os, Incendio y Robo o Hurto, &#8220;se otorgar\u00e1n mediante endoso a la p\u00f3liza b\u00e1sica&#8221; y que su vigencia puede ser inferior a un a\u00f1o con renovaci\u00f3n autom\u00e1tica hasta la finalizaci\u00f3n de la vigencia de la p\u00f3liza.<\/p>\n\n\n\n<p>&#8220;Cuando se otorguen coberturas accesorias voluntarias de Da\u00f1os y\/o Incendio y\/o Robo o Hurto, la entidad aseguradora indefectiblemente deber\u00e1 otorgar tambi\u00e9n la cobertura de Responsabilidad Civil &#8211; Seguro Voluntario&#8221;, marca el art\u00edculo 5.<\/p>\n\n\n\n<p>&#8220;<strong>La presente resoluci\u00f3n ser\u00e1 de aplicaci\u00f3n en el plazo de 60 d\u00edas corridos<\/strong>&nbsp;desde su publicaci\u00f3n en el Bolet\u00edn Oficial, debiendo las aseguradoras adecuar, a su renovaci\u00f3n, los contratos vigentes&#8221;, marc\u00f3 la norma que&nbsp;<strong>se public\u00f3 el 24 de noviembre<\/strong>.<\/p>\n\n\n\n<h2 class=\"wp-block-heading\">En Mendoza s\u00f3lo un tercio hizo la RTO en el 2023<\/h2>\n\n\n\n<p>Eduardo Toranzo, vicepresidente de la C\u00e1mara de RTO de Cuyo, asegur\u00f3 a principios de noviembre que&nbsp;<strong>son muy pocos los mendocinos que este 2023 realizaron la revisi\u00f3n<\/strong>&nbsp;en sus veh\u00edculos.<\/p>\n\n\n\n<p>Adem\u00e1s, adelant\u00f3 que desde el 1 de enero del 2024 habr\u00e1 un importante incremento de los precios de la RTO.<\/p>\n\n\n\n<p>Los<strong>\u00a0valores actuales<\/strong>\u00a0son los que se aplican desde el 1 de octubre.<\/p>\n\n\n\n<p>Esos precios&nbsp;<strong>podr\u00edan sufrir un incremento aproximado del 40% desde el 1 de enero de 2024<\/strong>.<\/p>\n\n\n\n<p>Los veh\u00edculos que deben hacer la RTO cada dos a\u00f1os, por adecuaci\u00f3n de la ley provincial a la nacional, son los que tienen de 3 a\u00f1os en adelante de antig\u00fcedad. Los que tienen desde 7 a\u00f1os en adelante, la tienen que hacer una vez por a\u00f1o.<\/p>\n\n\n\n<p><strong>Fuente: www.diariouno.com.ar<\/strong><\/p>\n","protected":false},"excerpt":{"rendered":"<p>La Superintendencia de Seguros de la Naci\u00f3n despej\u00f3 dudas respecto de la cobertura o no de las aseguradoras a veh\u00edculos sin\u00a0RTO. En su \u00faltima resoluci\u00f3n, determin\u00f3 que para la celebraci\u00f3n de una p\u00f3liza en el 2024\u00a0&#8220;las entidades aseguradoras deber\u00e1n exigir el cumplimiento de la revisi\u00f3n t\u00e9cnica obligatoria&#8221;. La resoluci\u00f3n N\u00ba 534\/2023 publicada el viernes en [&hellip;]<\/p>\n","protected":false},"author":2,"featured_media":3405,"comment_status":"open","ping_status":"open","sticky":false,"template":"","format":"standard","meta":[],"categories":[50],"tags":[],"_links":{"self":[{"href":"https:\/\/pasaenmendoza.com\/index.php?rest_route=\/wp\/v2\/posts\/3404"}],"collection":[{"href":"https:\/\/pasaenmendoza.com\/index.php?rest_route=\/wp\/v2\/posts"}],"about":[{"href":"https:\/\/pasaenmendoza.com\/index.php?rest_route=\/wp\/v2\/types\/post"}],"author":[{"embeddable":true,"href":"https:\/\/pasaenmendoza.com\/index.php?rest_route=\/wp\/v2\/users\/2"}],"replies":[{"embeddable":true,"href":"https:\/\/pasaenmendoza.com\/index.php?rest_route=%2Fwp%2Fv2%2Fcomments&post=3404"}],"version-history":[{"count":1,"href":"https:\/\/pasaenmendoza.com\/index.php?rest_route=\/wp\/v2\/posts\/3404\/revisions"}],"predecessor-version":[{"id":3406,"href":"https:\/\/pasaenmendoza.com\/index.php?rest_route=\/wp\/v2\/posts\/3404\/revisions\/3406"}],"wp:featuredmedia":[{"embeddable":true,"href":"https:\/\/pasaenmendoza.com\/index.php?rest_route=\/wp\/v2\/media\/3405"}],"wp:attachment":[{"href":"https:\/\/pasaenmendoza.com\/index.php?rest_route=%2Fwp%2Fv2%2Fmedia&parent=3404"}],"wp:term":[{"taxonomy":"category","embeddable":true,"href":"https:\/\/pasaenmendoza.com\/index.php?rest_route=%2Fwp%2Fv2%2Fcategories&post=3404"},{"taxonomy":"post_tag","embeddable":true,"href":"https:\/\/pasaenmendoza.com\/index.php?rest_route=%2Fwp%2Fv2%2Ftags&post=3404"}],"curies":[{"name":"wp","href":"https:\/\/api.w.org\/{rel}","templated":true}]}}