{"id":3407,"date":"2023-11-29T22:23:00","date_gmt":"2023-11-29T21:23:00","guid":{"rendered":"https:\/\/pasaenmendoza.com\/?p=3407"},"modified":"2023-11-29T22:23:01","modified_gmt":"2023-11-29T21:23:01","slug":"ricardo-mansur-suspendio-el-festival-rivadavia-le-canta-al-pais-por-falta-de-fondos","status":"publish","type":"post","link":"https:\/\/pasaenmendoza.com\/?p=3407","title":{"rendered":"Ricardo Mansur suspendi\u00f3 el festival &#8220;Rivadavia le Canta al Pa\u00eds&#8221; por falta de fondos"},"content":{"rendered":"\n<p>El intendente electo de\u00a0<strong>Rivadavia<\/strong>,<strong>\u00a0Ricardo Mansur<\/strong>\u00a0(Partido Sembrar) anunci\u00f3 esta tarde que no se va a realizar el reconocido festival &#8220;Rivadavia le Canta al Pa\u00eds&#8221;, porque solo tiene $100 millones para afrontar los gastos del show.<\/p>\n\n\n\n<p>Los fondos que restan ejecutar son para cumplir con obligaciones tomadas por la actual gesti\u00f3n, como mejorar el edificio de la regional de la\u00a0<strong>Universidad Tecnol\u00f3gica Nacional (UTN) en Rivadavia\u00a0<\/strong>y\u00a0<strong>terminar las obras de la calle San Isidro, una importante calle departamental.<\/strong><\/p>\n\n\n\n<p>Mansur se\u00f1al\u00f3 que, ante la incertidumbre econ\u00f3mica que se vive en el pa\u00eds, \u00e9l debe tener la precauci\u00f3n no solo de priorizar el cumplimiento de los compromisos asumidos, sino de garantizar los salarios.<\/p>\n\n\n\n<h2 class=\"wp-block-heading\">Qu\u00e9 encontr\u00f3 Mansur en las arcas de Rivadavia<\/h2>\n\n\n\n<p>El intendente electo se\u00f1al\u00f3 que en la ma\u00f1ana de este mi\u00e9rcoles le fue entregada la informaci\u00f3n acerca de los fondos con los que contar\u00e1 apenas inicie su gesti\u00f3n.<\/p>\n\n\n\n<p>Expres\u00f3 que en las arcas municipales hay 290 millones de pesos, pero en este monto no se incluye el aumento salarial de diciembre, ni el bono especial de enero.<\/p>\n\n\n\n<p>Adem\u00e1s, dijo que tiene que poner a punto el edificio de la UTN, ya que el&nbsp;<strong>municipio de Rivadavia<\/strong>&nbsp;se comprometi\u00f3 a colocar aires acondicionados, y a dotar de tecnolog\u00eda las aulas, esto a\u00fan no se ha hecho.<\/p>\n\n\n\n<p>Por otra parte, manifest\u00f3 que deben colocarse reductores de velocidad en una zona en la que hace poco hubo un accidente muy grave, en el que muri\u00f3 un ni\u00f1o.<\/p>\n\n\n\n<p>&#8220;No estar\u00eda cumpliendo con mi obligaci\u00f3n, que es la de tener una previsi\u00f3n, m\u00e1s frente a circunstancias econ\u00f3micas que desconocemos&#8221;.&nbsp;<strong>Mansur record\u00f3 las afirmaciones del presidente electo Javier Mile<\/strong>i, que anunci\u00f3 que va a haber<strong>&nbsp;recortes en la obra p\u00fablica de las provincias y posibles modificaciones en la Coparticipaci\u00f3n.<\/strong><\/p>\n\n\n\n<h2 class=\"wp-block-heading\">Qu\u00e9 pasar\u00e1 con la Vendimia 2024 de Rivadavia<\/h2>\n\n\n\n<p>A pesar de la suspensi\u00f3n del festival<strong>\u00a0Rivadavia le Canta al Pa\u00eds<\/strong>, porque, tal y como\u00a0<strong>lo asegur\u00f3 Mansur &#8220;No se puede encarar un festival que costar\u00eda aproximadamente $ 250 millones con este tipo de gastos que debemos afrontar en el municipio&#8221;,<\/strong>\u00a0s\u00ed garantiz\u00f3 la realizaci\u00f3n de la Fiesta de la Vendimia de Rivadavia.<\/p>\n\n\n\n<p>&#8220;La fiesta departamental de la Vendimia s\u00ed est\u00e1 garantizada, porque tenemos que homenajear a los productores&#8221; manifest\u00f3 y asegur\u00f3 que estos han tenido un grave problema con el granizo durante este mi\u00e9rcoles.<\/p>\n\n\n\n<p>&#8220;El granizo ha afectado much\u00edsimo al departamento&#8221;, destac\u00f3.<\/p>\n\n\n\n<p><strong>Fuente: www.diariouno.com.ar<\/strong><\/p>\n","protected":false},"excerpt":{"rendered":"<p>El intendente electo de\u00a0Rivadavia,\u00a0Ricardo Mansur\u00a0(Partido Sembrar) anunci\u00f3 esta tarde que no se va a realizar el reconocido festival &#8220;Rivadavia le Canta al Pa\u00eds&#8221;, porque solo tiene $100 millones para afrontar los gastos del show. Los fondos que restan ejecutar son para cumplir con obligaciones tomadas por la actual gesti\u00f3n, como mejorar el edificio de la [&hellip;]<\/p>\n","protected":false},"author":2,"featured_media":3408,"comment_status":"open","ping_status":"open","sticky":false,"template":"","format":"standard","meta":[],"categories":[50],"tags":[],"_links":{"self":[{"href":"https:\/\/pasaenmendoza.com\/index.php?rest_route=\/wp\/v2\/posts\/3407"}],"collection":[{"href":"https:\/\/pasaenmendoza.com\/index.php?rest_route=\/wp\/v2\/posts"}],"about":[{"href":"https:\/\/pasaenmendoza.com\/index.php?rest_route=\/wp\/v2\/types\/post"}],"author":[{"embeddable":true,"href":"https:\/\/pasaenmendoza.com\/index.php?rest_route=\/wp\/v2\/users\/2"}],"replies":[{"embeddable":true,"href":"https:\/\/pasaenmendoza.com\/index.php?rest_route=%2Fwp%2Fv2%2Fcomments&post=3407"}],"version-history":[{"count":1,"href":"https:\/\/pasaenmendoza.com\/index.php?rest_route=\/wp\/v2\/posts\/3407\/revisions"}],"predecessor-version":[{"id":3409,"href":"https:\/\/pasaenmendoza.com\/index.php?rest_route=\/wp\/v2\/posts\/3407\/revisions\/3409"}],"wp:featuredmedia":[{"embeddable":true,"href":"https:\/\/pasaenmendoza.com\/index.php?rest_route=\/wp\/v2\/media\/3408"}],"wp:attachment":[{"href":"https:\/\/pasaenmendoza.com\/index.php?rest_route=%2Fwp%2Fv2%2Fmedia&parent=3407"}],"wp:term":[{"taxonomy":"category","embeddable":true,"href":"https:\/\/pasaenmendoza.com\/index.php?rest_route=%2Fwp%2Fv2%2Fcategories&post=3407"},{"taxonomy":"post_tag","embeddable":true,"href":"https:\/\/pasaenmendoza.com\/index.php?rest_route=%2Fwp%2Fv2%2Ftags&post=3407"}],"curies":[{"name":"wp","href":"https:\/\/api.w.org\/{rel}","templated":true}]}}