{"id":3410,"date":"2023-11-29T22:30:12","date_gmt":"2023-11-29T21:30:12","guid":{"rendered":"https:\/\/pasaenmendoza.com\/?p=3410"},"modified":"2023-11-29T22:30:12","modified_gmt":"2023-11-29T21:30:12","slug":"ciclo-lectivo-2024-jose-thomas-anticipo-que-las-clases-comenzaran-la-ultima-semana-de-febrero","status":"publish","type":"post","link":"https:\/\/pasaenmendoza.com\/?p=3410","title":{"rendered":"Ciclo lectivo 2024: Jos\u00e9 Thomas anticip\u00f3 que las clases comenzar\u00e1n la \u00faltima semana de febrero"},"content":{"rendered":"\n<p>Jos\u00e9 Thomas, director general de Escuelas,\u00a0<strong>anticip\u00f3 que las clases comenzar\u00e1n la \u00faltima semana de febrero<\/strong>\u00a0y que no ser\u00e1 muy distinto al calendario de este a\u00f1o. El pr\u00f3ximo\u00a0<strong>15 de diciembre los alumnos finalizar\u00e1n el ciclo lectivo 2023<\/strong>.<\/p>\n\n\n\n<p>A d\u00edas de dejar su mandato, Thomas present\u00f3 en la Legislatura los resultados y celebr\u00f3 que el porcentaje de estudiantes con nivel cr\u00edtico seg\u00fan la tercera medici\u00f3n del 2023 baj\u00f3 al 7,1% en 3\u00ba grado y a 7,4% en 6\u00ba grado.<\/p>\n\n\n\n<p>&#8220;Por el momento\u00a0<strong>no est\u00e1 confirmado el calendario escolar 2024,<\/strong>\u00a0pero no va a diferir mucho con lo ocurrido este a\u00f1o teniendo en cuenta que se respetar\u00e1n los 190 d\u00edas de clases&#8221;, sostuvo Thomas.<\/p>\n\n\n\n<p>Por otra parte, el director anticip\u00f3 que probablemente lo reemplace en el Direcci\u00f3n General de Escuelas el actual intendente de Godoy Cruz,<strong>&nbsp;Tadeo Garc\u00eda Zalazar<\/strong>. &#8220;Con Tadeo hablo todas las semanas hace cuatro a\u00f1os y siempre aport\u00f3 a la educaci\u00f3n&#8221;. Adem\u00e1s&nbsp;<strong>agreg\u00f3 que seguir\u00e1 ligado a la educaci\u00f3n, probablemente desde otro lugar &#8220;como lo hace desde hace 25 a\u00f1os&#8221;.<\/strong><\/p>\n\n\n\n<p>Finalmente reiter\u00f3 que las clases del pr\u00f3ximo ciclo lectivo &#8220;se<strong>&nbsp;iniciar\u00e1n seguramente sobre el final de febrero&nbsp;<\/strong>y con<strong>&nbsp;algunas particularidades en los sectores m\u00e1s vulnerables&#8221;<\/strong>.<\/p>\n\n\n\n<h2 class=\"wp-block-heading\">Fluidez lectora en Mendoza con mejores resultados<\/h2>\n\n\n\n<p>En la jornada del lunes Jos\u00e9 Thomas inform\u00f3 los resultados de la tercera medici\u00f3n anual del censo de fluidez lectora y los alumnos cr\u00edticos bajaron del 30% al 7% en dos a\u00f1os, seg\u00fan medici\u00f3n de la DGE.<\/p>\n\n\n\n<p>De esa manera, se cumpli\u00f3 la meta establecida en el\u00a0<strong>Plan Estrat\u00e9gico de Alfabetizaci\u00f3n de Mendoza<\/strong>, que era reducir el porcentaje de estudiantes con nivel cr\u00edtico en fluidez lectora de 3\u00ba y 6\u00ba grado de nivel primario.<\/p>\n\n\n\n<p><strong>Fuente: www.diariouno.com.ar<\/strong><\/p>\n","protected":false},"excerpt":{"rendered":"<p>Jos\u00e9 Thomas, director general de Escuelas,\u00a0anticip\u00f3 que las clases comenzar\u00e1n la \u00faltima semana de febrero\u00a0y que no ser\u00e1 muy distinto al calendario de este a\u00f1o. El pr\u00f3ximo\u00a015 de diciembre los alumnos finalizar\u00e1n el ciclo lectivo 2023. A d\u00edas de dejar su mandato, Thomas present\u00f3 en la Legislatura los resultados y celebr\u00f3 que el porcentaje de [&hellip;]<\/p>\n","protected":false},"author":2,"featured_media":3412,"comment_status":"open","ping_status":"open","sticky":false,"template":"","format":"standard","meta":[],"categories":[56],"tags":[],"_links":{"self":[{"href":"https:\/\/pasaenmendoza.com\/index.php?rest_route=\/wp\/v2\/posts\/3410"}],"collection":[{"href":"https:\/\/pasaenmendoza.com\/index.php?rest_route=\/wp\/v2\/posts"}],"about":[{"href":"https:\/\/pasaenmendoza.com\/index.php?rest_route=\/wp\/v2\/types\/post"}],"author":[{"embeddable":true,"href":"https:\/\/pasaenmendoza.com\/index.php?rest_route=\/wp\/v2\/users\/2"}],"replies":[{"embeddable":true,"href":"https:\/\/pasaenmendoza.com\/index.php?rest_route=%2Fwp%2Fv2%2Fcomments&post=3410"}],"version-history":[{"count":1,"href":"https:\/\/pasaenmendoza.com\/index.php?rest_route=\/wp\/v2\/posts\/3410\/revisions"}],"predecessor-version":[{"id":3413,"href":"https:\/\/pasaenmendoza.com\/index.php?rest_route=\/wp\/v2\/posts\/3410\/revisions\/3413"}],"wp:featuredmedia":[{"embeddable":true,"href":"https:\/\/pasaenmendoza.com\/index.php?rest_route=\/wp\/v2\/media\/3412"}],"wp:attachment":[{"href":"https:\/\/pasaenmendoza.com\/index.php?rest_route=%2Fwp%2Fv2%2Fmedia&parent=3410"}],"wp:term":[{"taxonomy":"category","embeddable":true,"href":"https:\/\/pasaenmendoza.com\/index.php?rest_route=%2Fwp%2Fv2%2Fcategories&post=3410"},{"taxonomy":"post_tag","embeddable":true,"href":"https:\/\/pasaenmendoza.com\/index.php?rest_route=%2Fwp%2Fv2%2Ftags&post=3410"}],"curies":[{"name":"wp","href":"https:\/\/api.w.org\/{rel}","templated":true}]}}