{"id":3423,"date":"2023-11-30T13:00:39","date_gmt":"2023-11-30T12:00:39","guid":{"rendered":"https:\/\/pasaenmendoza.com\/?p=3423"},"modified":"2023-11-30T13:00:40","modified_gmt":"2023-11-30T12:00:40","slug":"con-cornejo-presente-massa-garantizo-el-envio-de-fondos-a-las-provincias-para-sueldos-y-aguinaldos","status":"publish","type":"post","link":"https:\/\/pasaenmendoza.com\/?p=3423","title":{"rendered":"Con Cornejo presente, Massa garantiz\u00f3 el env\u00edo de fondos a las provincias para sueldos y aguinaldos"},"content":{"rendered":"\n<p>El ministro de Econom\u00eda dispuso una partida para las provincias para que puedan afrontar el pago de salarios de diciembre y medio aguinaldo. En Mendoza esperan precisiones de lo que Naci\u00f3n depositar\u00e1<\/p>\n\n\n\n<p>El ministro de Econom\u00eda,<strong>\u00a0Sergio Massa,<\/strong>\u00a0afirm\u00f3 este mi\u00e9rcoles que est\u00e1n garantizados los fondos para que las provincias puedan pagar los salarios de diciembre y el medio aguinaldo. Fue en un encuentro con mandatarios electos y salientes de todos los espacios pol\u00edticos del que particip\u00f3 Alfredo Cornejo, quien desde el 9 de diciembre volver\u00e1 a ser gobernador de Mendoza.\u00a0El actual senador nacional hab\u00eda anticipado que exigir\u00eda que nuestra provincia sea compensada por las p\u00e9rdidas causadas por los cambios en el Impuesto a las Ganancias.<\/p>\n\n\n\n<p>Aunque no fueron precisados los n\u00fameros, en nuestra provincia no est\u00e1n conformes.&nbsp;<strong>El ministro de Hacienda, V\u00edctor Fayad estim\u00f3 que a Mendoza llegar\u00e1n entre $10.000 millones y $12.000 millones cuando s\u00f3lo el aguinaldo implica una masa de $22.000 millones.<\/strong><\/p>\n\n\n\n<p>De todos modos una vez que est\u00e9n los n\u00fameros finales se har\u00e1 el pedido formal al Ministerio del Interior para recibir esos fondos que, esperan, sean efectivizados antes del 10 de diciembre cuando termine el gobierno de Alberto Fern\u00e1ndez.<\/p>\n\n\n\n<p>Adem\u00e1s, el funcionario mendocino dijo se trata de una soluci\u00f3n parcial por cuanto el problema persistir\u00e1 cuando comience la gesti\u00f3n de Javier Milei quien deber\u00eda resolver de d\u00f3nde sacar fondos para compensar lo que las provincias seguir\u00e1n perdiendo por los cambios en Ganancias.<\/p>\n\n\n\n<h2 class=\"wp-block-heading\">Reclamo de los gobernadores<\/h2>\n\n\n\n<p>Massa comprometi\u00f3 la asistencia de las arcas nacionales para hacer frente a esos compromisos. Los mandatarios ven\u00edan reclamando mecanismos de compensaci\u00f3n tras una serie de cambios en el sistema impositivo y solicitaron que se decida antes del traspaso de mando a la gesti\u00f3n del presidente electo,&nbsp;<strong>Javier Milei.<\/strong><\/p>\n\n\n\n<p><strong>&#8220;Recib\u00ed a los gobernadores para garantizar que las provincias tengan los fondos que permitan el pago de sueldos y aguinaldos de diciembre&#8221;,\u00a0<\/strong>expres\u00f3 Massa desde sus redes sociales.<\/p>\n\n\n\n<h2 class=\"wp-block-heading\">No se afectar\u00e1 el presupuesto 2024<\/h2>\n\n\n\n<p>El funcionario y ex candidato presidencial detall\u00f3 que esos recursos ser\u00e1n &#8220;transferidos por la Naci\u00f3n del Fondo de Aportes del Tesoro Nacional no utilizados en este ejercicio y del pago de una deuda actualizada del Consenso Fiscal del 2018, sin afectar de esta forma al Presupuesto 2024&#8221;.<\/p>\n\n\n\n<p>Participaron de la reuni\u00f3n con Massa, entre gobernadores en ejercicio y electos, los mandatarios Alfredo Cornejo (Mendoza), Mariano Arcioni (Chubut), Osvaldo Jaldo (Tucum\u00e1n), Gustavo S\u00e1enz (Salta), Arabela Carreras y Alberto Weretilneck, saliente y electo de R\u00edo Negro, respectivamente; Sergio Ziliotto (La Pampa), Osvaldo Jalil (Tucum\u00e1n), Axel Kicillof (Buenos Aires), Claudio Poggi (San Luis), Leandro Zdero (Chaco) y Sergio Ziliotto (La Pampa).<\/p>\n\n\n\n<p>Tambi\u00e9n Omar Guti\u00e9rrez y Rolando Figueroa, mandatarios saliente y electo de Neuqu\u00e9n, respectivamente; Alicia Kirchner (Santa Cruz), Ignacio Torres (Chubut); Gustavo Melella (Tierra del Fuego), Gerardo Morales (Jujuy); Gerardo Zamora (Santiago del Estero), Omar Perotti y Maximiliano Pullaro, saliente y electo de Santa Fe; Rogelio Frigerio (Entre R\u00edos), Gustavo Vald\u00e9s (Corrientes) y Ricardo Quintela (La Rioja))<\/p>\n\n\n\n<p>Igual que en el encuentro del martes tambi\u00e9n se sum\u00f3 a la reuni\u00f3n el ministro del Interior,<strong>&nbsp;Eduardo Wado De Pedro.<\/strong><\/p>\n\n\n\n<p>Por aquella reforma de Ganancias que se aprob\u00f3 en el Congreso,&nbsp;<strong>Mendoza perder\u00eda de coparticipaci\u00f3n unos $45.000 millones anuales<\/strong>&nbsp;(seg\u00fan el c\u00e1lculo hecho a septiembre pasado) lo que supone el pago de salarios de un mes y medio de los empleados estatales mendocinos.<\/p>\n\n\n\n<p>Por esas p\u00e9rdidas Rodolfo Suarez judicializ\u00f3 el reclamo a la Naci\u00f3n y el 10 de noviembre pasado lo llev\u00f3 a la Corte con el argumento de que esa reforma que recortaba la coparticipaci\u00f3n era inconstitucional.<\/p>\n\n\n\n<p>Junto a la acci\u00f3n declarativa de inconstitucionalidad, el gobernador asesorado por los abogados de la Provincia y por el fiscal de Estado, Fernando Sim\u00f3n,&nbsp;<strong>pidi\u00f3 una medida cautelar para que el Estado nacional le abone con recursos propios a Mendoza lo que dej\u00f3 de percibir en octubre y noviembre&nbsp;<\/strong>en concepto de coparticipaci\u00f3n por el decreto y la reforma de esa ley sancionada el 29 de septiembre pasado.<\/p>\n\n\n\n<p>Las mismas preocupaciones sobre el pago de aguinaldos, la obra p\u00fablica y la coparticipaci\u00f3n federal hab\u00edan planteado los gobernadores de UxP y de Juntos por el Cambio (JxC) en reuniones separadas.<\/p>\n\n\n\n<p>Incluso, los mandatarios peronistas electos compartieron tambi\u00e9n un encuentro con el designado ministro del Interior del Gobierno de La Libertad Avanza (LLA), Guillermo Francos, quien se comprometi\u00f3 a alcanzar &#8220;acuerdos&#8221; sobre las obras p\u00fablicas en marcha.<\/p>\n\n\n\n<p><\/p>\n\n\n\n<p>FUENTE: Diariouno.com.ar <\/p>\n","protected":false},"excerpt":{"rendered":"<p>El ministro de Econom\u00eda dispuso una partida para las provincias para que puedan afrontar el pago de salarios de diciembre y medio aguinaldo. En Mendoza esperan precisiones de lo que Naci\u00f3n depositar\u00e1 El ministro de Econom\u00eda,\u00a0Sergio Massa,\u00a0afirm\u00f3 este mi\u00e9rcoles que est\u00e1n garantizados los fondos para que las provincias puedan pagar los salarios de diciembre y [&hellip;]<\/p>\n","protected":false},"author":2,"featured_media":3424,"comment_status":"open","ping_status":"open","sticky":true,"template":"","format":"standard","meta":[],"categories":[47],"tags":[],"_links":{"self":[{"href":"https:\/\/pasaenmendoza.com\/index.php?rest_route=\/wp\/v2\/posts\/3423"}],"collection":[{"href":"https:\/\/pasaenmendoza.com\/index.php?rest_route=\/wp\/v2\/posts"}],"about":[{"href":"https:\/\/pasaenmendoza.com\/index.php?rest_route=\/wp\/v2\/types\/post"}],"author":[{"embeddable":true,"href":"https:\/\/pasaenmendoza.com\/index.php?rest_route=\/wp\/v2\/users\/2"}],"replies":[{"embeddable":true,"href":"https:\/\/pasaenmendoza.com\/index.php?rest_route=%2Fwp%2Fv2%2Fcomments&post=3423"}],"version-history":[{"count":1,"href":"https:\/\/pasaenmendoza.com\/index.php?rest_route=\/wp\/v2\/posts\/3423\/revisions"}],"predecessor-version":[{"id":3425,"href":"https:\/\/pasaenmendoza.com\/index.php?rest_route=\/wp\/v2\/posts\/3423\/revisions\/3425"}],"wp:featuredmedia":[{"embeddable":true,"href":"https:\/\/pasaenmendoza.com\/index.php?rest_route=\/wp\/v2\/media\/3424"}],"wp:attachment":[{"href":"https:\/\/pasaenmendoza.com\/index.php?rest_route=%2Fwp%2Fv2%2Fmedia&parent=3423"}],"wp:term":[{"taxonomy":"category","embeddable":true,"href":"https:\/\/pasaenmendoza.com\/index.php?rest_route=%2Fwp%2Fv2%2Fcategories&post=3423"},{"taxonomy":"post_tag","embeddable":true,"href":"https:\/\/pasaenmendoza.com\/index.php?rest_route=%2Fwp%2Fv2%2Ftags&post=3423"}],"curies":[{"name":"wp","href":"https:\/\/api.w.org\/{rel}","templated":true}]}}