{"id":3429,"date":"2023-11-30T13:26:57","date_gmt":"2023-11-30T12:26:57","guid":{"rendered":"https:\/\/pasaenmendoza.com\/?p=3429"},"modified":"2023-11-30T13:26:57","modified_gmt":"2023-11-30T12:26:57","slug":"economistas-locales-explicaron-el-fenomeno-de-la-estanflacion-y-las-consecuencias-para-mendoza","status":"publish","type":"post","link":"https:\/\/pasaenmendoza.com\/?p=3429","title":{"rendered":"Economistas locales explicaron el fen\u00f3meno de la estanflaci\u00f3n y las consecuencias para Mendoza"},"content":{"rendered":"\n<p>A una semana de la asunci\u00f3n del nuevo gobierno nacional, el presidente electo\u00a0<strong>Javier Milei<\/strong>\u00a0<strong>anticip\u00f3 que en la primera etapa de su gesti\u00f3n habr\u00e1 estanflaci\u00f3n<\/strong>, lo que significa que\u00a0<strong>coexistir\u00e1n altos niveles de\u00a0inflaci\u00f3n\u00a0y no crecer\u00e1 la econom\u00eda<\/strong>. Expertos y empresarios analizaron las consecuencias para Mendoza, que podr\u00eda correr con alguna ventaja en comparaci\u00f3n con otras provincias del pa\u00eds.<\/p>\n\n\n\n<p><strong>El economista de la Fundaci\u00f3n Mediterr\u00e1nea, Jorge Day,&nbsp;<\/strong>ilustr\u00f3 de qu\u00e9 se trata este concepto y el panorama que se abre para el pa\u00eds en los pr\u00f3ximos meses: &#8220;Los gobiernos pueden tener dos problemas,&nbsp;<strong>que son el desempleo y la inflaci\u00f3n<\/strong>. A veces surge un dilema de qu\u00e9 es preferible tener,&nbsp;<strong>menor desocupaci\u00f3n o menor inflaci\u00f3n.<\/strong>&nbsp;Muchas veces las gestiones<strong>&nbsp;prefieren tener poco desempleo aunque eso implique mayor inflaci\u00f3n<\/strong>. En este caso, los dos inconvenientes se dar\u00e1n a la vez y no se pueden resolver al mismo tiempo y con la misma receta&#8221;.<\/p>\n\n\n\n<p>&#8220;Actualmente, los niveles econ\u00f3micos han ca\u00eddo pero por la mala cosecha y ha habido un poquito de mayor actividad en otros sectores. Estamos hablando del plan platita, por ejemplo, las distorsiones del d\u00f3lar oficial tambi\u00e9n contribuyeron a esto&#8221;, agreg\u00f3 y analiz\u00f3 que &#8220;<strong>entiendo que lo que busca el presidente electo apunta a una econom\u00eda m\u00e1s normal, con finanzas m\u00e1s equilibradas que en un principio pueden traducirse en un ajuste&#8221;<\/strong>.<\/p>\n\n\n\n<p>Day consider\u00f3 que si bien pueden haber consecuencias negativas para el pa\u00eds, tambi\u00e9n repercutir\u00e1n en la provincia. Aunque aclar\u00f3:&nbsp;<strong>&#8220;Mendoza tiene un salvavidas, si lo podemos llamar de alguna manera, que es el mercado externo con la exportaci\u00f3n de vinos, el petr\u00f3leo y el turismo internacional&#8221;.<\/strong><\/p>\n\n\n\n<p>La \u00fanica manera de que Mendoza no sienta este cimbronazo, &#8220;es que se llegue a compensar los aspectos negativos para el pa\u00eds en general&#8221;.<\/p>\n\n\n\n<h2 class=\"wp-block-heading\">Qu\u00e9 pasar\u00e1 con el poder adquisitivo de los trabajadores<\/h2>\n\n\n\n<p>El economista y ex ministro de la Producci\u00f3n de Celso Jaque,<strong>&nbsp;Ra\u00fal Mercau,&nbsp;<\/strong>marc\u00f3 que actualmente se cerrar\u00e1 el a\u00f1o con una ca\u00edda del Producto Bruto &#8220;y hay que ver c\u00f3mo se prolonga para el a\u00f1o que viene&#8221;.<\/p>\n\n\n\n<p>&#8220;El primer efecto que uno deber\u00eda esperar es la<strong>&nbsp;ca\u00edda del empleo en promedio en Mendoza y un aumento de la tasa de desempleo<\/strong>. Y el&nbsp;<strong>segundo efecto, es que los precios van a ir por el ascensor y los salarios por la escalera, lo que quiere decir que va a haber un atraso en la evoluci\u00f3n de sueldos de los trabajadores o el poder adquisitivo<\/strong>&#8220;, grafic\u00f3 el titular de la carrera de Econom\u00eda de la Universidad Nacional de Cuyo (UNCuyo).<\/p>\n\n\n\n<p>Otra de las variables en las que va a repercutir directamente es en la tasa de inter\u00e9s de los bancos porque las familias mendocinas se refugiar\u00e1n en las tarjetas de cr\u00e9dito para poder consumir.<\/p>\n\n\n\n<p>Finalmente, Mercau explic\u00f3 que &#8220;todo esto se da en unas pol\u00edtica de shock fiscal que no tenemos los detalles, pero seguramente se va a sentir en un aumento de las tarifas, en el empleo p\u00fablico que ser\u00e1\u00a0<strong>un foco de ajuste por el lado del gasto<\/strong>. En conclusi\u00f3n,\u00a0<strong>se espera un aumento inflacionario y un efecto negativo sobre los niveles de empleo<\/strong>&#8220;.<\/p>\n\n\n\n<h2 class=\"wp-block-heading\">&#8220;Apagar el motor de la econom\u00eda&#8221;<\/h2>\n\n\n\n<p>El e<strong>conomista y asesor Nicol\u00e1s Aroma<\/strong>&nbsp;explic\u00f3 que la estanflaci\u00f3n representa &#8220;recesi\u00f3n econ\u00f3mica, ca\u00edda de la actividad y mayor desempleo con inflaci\u00f3n. Es decir, se juntan todos los fen\u00f3menos. Es el escenario m\u00e1s l\u00f3gico de hacer caer la actividad y la inflaci\u00f3n persiste, siendo la<strong>&nbsp;consecuencia de aplicar un fuerte ajuste fiscal&#8221;<\/strong>.<\/p>\n\n\n\n<p>&#8220;Independientemente de lo que uno piense del gasto del Estado, tiene un impacto muy importante en la actividad econ\u00f3mica<strong>. Si vos apag\u00e1s ese motor, se te va a caer la econom\u00eda, mientras persiste la inflaci\u00f3n<\/strong>&#8220;, recalc\u00f3.<\/p>\n\n\n\n<p>Para Aroma es trascendental que el presidente electo defina cu\u00e1nto tiempo va a durar esta etapa de estancamiento, porque &#8220;venimos de varios a\u00f1os de inflaci\u00f3n pero de movimiento en la actividad econ\u00f3mica y generaci\u00f3n de empleo&#8221;.<\/p>\n\n\n\n<h2 class=\"wp-block-heading\">La estanflaci\u00f3n seg\u00fan Milei y su plan para contener a los &#8220;ca\u00eddos&#8221;<\/h2>\n\n\n\n<p>Javier Milei advirti\u00f3 que durante su gobierno el pa\u00eds vivir\u00e1 los efectos de una &#8220;estanflaci\u00f3n&#8221; como consecuencia de las medidas que implementar\u00e1 para alcanzar un &#8220;<strong>reordenamiento fiscal&#8221;<\/strong>&nbsp;y que, asegur\u00f3, &#8220;<strong>va a impactar negativamente en la actividad econ\u00f3mica&#8221;.<\/strong><\/p>\n\n\n\n<p>&#8220;Va a haber una estanflaci\u00f3n porque cuando hagas el reordenamiento fiscal va a impactar negativamente en la actividad econ\u00f3mica&#8221;, adelant\u00f3 Milei en declaraciones formuladas a Radio La Red.<\/p>\n\n\n\n<p>El l\u00edder de La Libertad Avanza explic\u00f3 que por ese motivo<strong>&nbsp;&#8220;la \u00fanica billetera que va a estar abierta&#8221;<\/strong>, en relaci\u00f3n a los fondos que permitir\u00e1 destinar a la estructura del Estado, ser\u00e1 para el nuevo&nbsp;<strong>Ministerio de Capital Humano,<\/strong>&nbsp;que reunir\u00e1 a las \u00e1reas de&nbsp;<strong>Educaci\u00f3n, Trabajo, Salud y Desarrollo Social<\/strong>, con el objetivo<strong>&nbsp;de &#8220;dar contenci\u00f3n a los ca\u00eddos&#8221; por las medidas econ\u00f3micas de su gobierno.<\/strong><\/p>\n\n\n\n<p>El t\u00e9rmino &#8220;estanflaci\u00f3n&#8221; alude a la conjunci\u00f3n de las palabras &#8220;estancamiento e inflaci\u00f3n&#8221; y significa que&nbsp;<strong>los precios se mantendr\u00e1n en alza, a un ritmo acelerado, y que la actividad econ\u00f3mica del pa\u00eds sufrir\u00e1 una ca\u00edda.<\/strong><\/p>\n\n\n\n<p>&#8220;La inflaci\u00f3n tiene que ver con lo que vos hiciste en pol\u00edtica monetaria hace 24 meses y eso ya fue decidido, ya fue hecho. La pol\u00edtica monetaria act\u00faa con rezagos&#8221;, mencion\u00f3.En ese sentido, asegur\u00f3 que la inflaci\u00f3n &#8220;va a seguir alta porque es el resultado del descalabro que hizo este gobierno&#8221;.<\/p>\n\n\n\n<p>&#8220;Estamos\u00a0<strong>creando todos los mecanismos para detener la emisi\u00f3n de dinero para que en un lapso de entre 18 a 24 meses (se pueda) terminar con la inflaci\u00f3n.<\/strong>\u00a0Esa es la evidencia emp\u00edrica del caso argentino. La convertibilidad, que funcionaba bajo esa misma regla, tard\u00f3 20 meses&#8221;, agreg\u00f3 en referencia al plan puesto en marcha a comienzos de la d\u00e9cada del 90 y que estableci\u00f3 una paridad de uno a uno entre el valor del peso y el d\u00f3lar estadounidense.<\/p>\n\n\n\n<p><strong>Fuente: www.diariouno.com.ar<\/strong><\/p>\n","protected":false},"excerpt":{"rendered":"<p>A una semana de la asunci\u00f3n del nuevo gobierno nacional, el presidente electo\u00a0Javier Milei\u00a0anticip\u00f3 que en la primera etapa de su gesti\u00f3n habr\u00e1 estanflaci\u00f3n, lo que significa que\u00a0coexistir\u00e1n altos niveles de\u00a0inflaci\u00f3n\u00a0y no crecer\u00e1 la econom\u00eda. Expertos y empresarios analizaron las consecuencias para Mendoza, que podr\u00eda correr con alguna ventaja en comparaci\u00f3n con otras provincias del [&hellip;]<\/p>\n","protected":false},"author":2,"featured_media":3430,"comment_status":"open","ping_status":"open","sticky":false,"template":"","format":"standard","meta":[],"categories":[75],"tags":[],"_links":{"self":[{"href":"https:\/\/pasaenmendoza.com\/index.php?rest_route=\/wp\/v2\/posts\/3429"}],"collection":[{"href":"https:\/\/pasaenmendoza.com\/index.php?rest_route=\/wp\/v2\/posts"}],"about":[{"href":"https:\/\/pasaenmendoza.com\/index.php?rest_route=\/wp\/v2\/types\/post"}],"author":[{"embeddable":true,"href":"https:\/\/pasaenmendoza.com\/index.php?rest_route=\/wp\/v2\/users\/2"}],"replies":[{"embeddable":true,"href":"https:\/\/pasaenmendoza.com\/index.php?rest_route=%2Fwp%2Fv2%2Fcomments&post=3429"}],"version-history":[{"count":1,"href":"https:\/\/pasaenmendoza.com\/index.php?rest_route=\/wp\/v2\/posts\/3429\/revisions"}],"predecessor-version":[{"id":3431,"href":"https:\/\/pasaenmendoza.com\/index.php?rest_route=\/wp\/v2\/posts\/3429\/revisions\/3431"}],"wp:featuredmedia":[{"embeddable":true,"href":"https:\/\/pasaenmendoza.com\/index.php?rest_route=\/wp\/v2\/media\/3430"}],"wp:attachment":[{"href":"https:\/\/pasaenmendoza.com\/index.php?rest_route=%2Fwp%2Fv2%2Fmedia&parent=3429"}],"wp:term":[{"taxonomy":"category","embeddable":true,"href":"https:\/\/pasaenmendoza.com\/index.php?rest_route=%2Fwp%2Fv2%2Fcategories&post=3429"},{"taxonomy":"post_tag","embeddable":true,"href":"https:\/\/pasaenmendoza.com\/index.php?rest_route=%2Fwp%2Fv2%2Ftags&post=3429"}],"curies":[{"name":"wp","href":"https:\/\/api.w.org\/{rel}","templated":true}]}}