{"id":3433,"date":"2023-11-30T13:46:25","date_gmt":"2023-11-30T12:46:25","guid":{"rendered":"https:\/\/pasaenmendoza.com\/?p=3433"},"modified":"2023-11-30T13:46:25","modified_gmt":"2023-11-30T12:46:25","slug":"se-va-terminando-la-ola-de-calor-en-mendoza","status":"publish","type":"post","link":"https:\/\/pasaenmendoza.com\/?p=3433","title":{"rendered":"Se va terminando la ola de calor en Mendoza"},"content":{"rendered":"\n<p>Este jueves, el pron\u00f3stico para Mendoza indica<strong>&nbsp;una jornada con ascenso de temperatura y cielo parcialmente nublado por la ma\u00f1ana.<\/strong><\/p>\n\n\n\n<p>Seg\u00fan datos del&nbsp;<strong>Servicio Meteorol\u00f3gico Nacional<\/strong>, en el Gran Mendoza la m\u00e1xima llegar\u00e1 a los 32\u00b0 y hay viento leve del noreste. Por la tarde y noche, hay probabilidades de lluvias y tormentas aisladas.<\/p>\n\n\n\n<p>Hay un alerta amarilla vigente para el noreste de la provincia por tormentas fuertes.\u00a0\u00a0<\/p>\n\n\n\n<p>Para ma\u00f1ana viernes, el pron\u00f3stico indica poco cambio de temperatura, con una&nbsp;<strong>m\u00e1xima de 31\u00b0,<\/strong>&nbsp;cielo mayormente nublado con tormentas aisladas durante la madrugada y el ingreso de aire del sureste.<\/p>\n\n\n\n<p>Esta rotaci\u00f3n del viento dar\u00e1 fin a la la de calor y, para el s\u00e1bado, se espera una\u00a0<strong>m\u00e1xima de 26\u00b0.\u00a0<\/strong><\/p>\n\n\n\n<p><strong>Fuente: www.mendozapost.com<\/strong><\/p>\n","protected":false},"excerpt":{"rendered":"<p>Este jueves, el pron\u00f3stico para Mendoza indica&nbsp;una jornada con ascenso de temperatura y cielo parcialmente nublado por la ma\u00f1ana. Seg\u00fan datos del&nbsp;Servicio Meteorol\u00f3gico Nacional, en el Gran Mendoza la m\u00e1xima llegar\u00e1 a los 32\u00b0 y hay viento leve del noreste. Por la tarde y noche, hay probabilidades de lluvias y tormentas aisladas. Hay un alerta [&hellip;]<\/p>\n","protected":false},"author":2,"featured_media":3439,"comment_status":"open","ping_status":"open","sticky":false,"template":"","format":"standard","meta":[],"categories":[52],"tags":[],"_links":{"self":[{"href":"https:\/\/pasaenmendoza.com\/index.php?rest_route=\/wp\/v2\/posts\/3433"}],"collection":[{"href":"https:\/\/pasaenmendoza.com\/index.php?rest_route=\/wp\/v2\/posts"}],"about":[{"href":"https:\/\/pasaenmendoza.com\/index.php?rest_route=\/wp\/v2\/types\/post"}],"author":[{"embeddable":true,"href":"https:\/\/pasaenmendoza.com\/index.php?rest_route=\/wp\/v2\/users\/2"}],"replies":[{"embeddable":true,"href":"https:\/\/pasaenmendoza.com\/index.php?rest_route=%2Fwp%2Fv2%2Fcomments&post=3433"}],"version-history":[{"count":1,"href":"https:\/\/pasaenmendoza.com\/index.php?rest_route=\/wp\/v2\/posts\/3433\/revisions"}],"predecessor-version":[{"id":3440,"href":"https:\/\/pasaenmendoza.com\/index.php?rest_route=\/wp\/v2\/posts\/3433\/revisions\/3440"}],"wp:featuredmedia":[{"embeddable":true,"href":"https:\/\/pasaenmendoza.com\/index.php?rest_route=\/wp\/v2\/media\/3439"}],"wp:attachment":[{"href":"https:\/\/pasaenmendoza.com\/index.php?rest_route=%2Fwp%2Fv2%2Fmedia&parent=3433"}],"wp:term":[{"taxonomy":"category","embeddable":true,"href":"https:\/\/pasaenmendoza.com\/index.php?rest_route=%2Fwp%2Fv2%2Fcategories&post=3433"},{"taxonomy":"post_tag","embeddable":true,"href":"https:\/\/pasaenmendoza.com\/index.php?rest_route=%2Fwp%2Fv2%2Ftags&post=3433"}],"curies":[{"name":"wp","href":"https:\/\/api.w.org\/{rel}","templated":true}]}}