{"id":3436,"date":"2023-11-30T13:49:05","date_gmt":"2023-11-30T12:49:05","guid":{"rendered":"https:\/\/pasaenmendoza.com\/?p=3436"},"modified":"2023-11-30T13:50:27","modified_gmt":"2023-11-30T12:50:27","slug":"testeos-gratuitos-de-vih-en-ciudad-de-mendoza","status":"publish","type":"post","link":"https:\/\/pasaenmendoza.com\/?p=3436","title":{"rendered":"Testeos gratuitos de VIH en Ciudad de Mendoza"},"content":{"rendered":"\n<p>La&nbsp;municipalidad de la&nbsp;<strong>Ciudad de Mendoza<\/strong>&nbsp;realizar\u00e1&nbsp;una vez m\u00e1s&nbsp;<strong>testeos&nbsp;<\/strong>gratuitos de&nbsp;<strong>VIH<\/strong>&nbsp;y SIDA. Ser\u00e1&nbsp;este&nbsp;<mark>viernes 1 de diciembre, de 9 a 13<\/mark>, sobre Peatonal Sarmiento y San Mart\u00edn.<\/p>\n\n\n\n<p>Desplegar\u00e1n el operativo el&nbsp;equipo de salud municipal y la&nbsp;Red Mirada Positiva, los cuales se ubicar\u00e1n en un stand con informaci\u00f3n y apoyo, adem\u00e1s de los equipos de testeo.&nbsp;<\/p>\n\n\n\n<p>Las personas interesadas<mark>&nbsp;podr\u00e1n acercarse de manera espont\u00e1nea y solicitar el examen.&nbsp;<\/mark><\/p>\n\n\n\n<p>Es&nbsp;importante&nbsp;destacar que el operativo resguarda la confidencialidad y que los resultados ser\u00e1n devueltos en el transcurso de la ma\u00f1ana en el stand.&nbsp;<\/p>\n\n\n\n<h2 class=\"wp-block-heading\" id=\"h-sobre-la-fecha\"><strong>Sobre la fecha<\/strong><\/h2>\n\n\n\n<p>La efem\u00e9ride del 1 de diciembre fue establecida en 1988 por la Organizaci\u00f3n Mundial de la Salud (OMS). Es una&nbsp;jornada propicia en la que se reafirma el compromiso de intensificar y multiplicar los esfuerzos&nbsp;frente a las formas de exclusi\u00f3n y discriminaci\u00f3n que todav\u00eda enfrentan las personas que viven con VIH y SIDA en Argentina.<\/p>\n\n\n\n<p>En el pa\u00eds se calcula que hay 139.000 personas que tienen el virus, aunque un 17% de ellas lo desconoce y el 35% de los nuevos diagn\u00f3sticos se producen tard\u00edamente. No obstante, la detecci\u00f3n temprana de VIH y su consecuente tratamiento reducen las posibilidades de que se genere el S\u00edndrome de Inmunodeficiencia Adquirida (SIDA).<\/p>\n\n\n\n<p>En este marco,&nbsp;la Ciudad de Mendoza se suma a los esfuerzos mundiales&nbsp;y al esfuerzo particular de organizaciones como Mirada Positiva, que est\u00e1n en primera l\u00ednea de lucha para progresar en la respuesta al VIH.&nbsp;<\/p>\n\n\n\n<p><strong>Fuente: www.elsol.com.ar<\/strong><\/p>\n","protected":false},"excerpt":{"rendered":"<p>La&nbsp;municipalidad de la&nbsp;Ciudad de Mendoza&nbsp;realizar\u00e1&nbsp;una vez m\u00e1s&nbsp;testeos&nbsp;gratuitos de&nbsp;VIH&nbsp;y SIDA. Ser\u00e1&nbsp;este&nbsp;viernes 1 de diciembre, de 9 a 13, sobre Peatonal Sarmiento y San Mart\u00edn. Desplegar\u00e1n el operativo el&nbsp;equipo de salud municipal y la&nbsp;Red Mirada Positiva, los cuales se ubicar\u00e1n en un stand con informaci\u00f3n y apoyo, adem\u00e1s de los equipos de testeo.&nbsp; Las personas interesadas&nbsp;podr\u00e1n acercarse [&hellip;]<\/p>\n","protected":false},"author":2,"featured_media":3437,"comment_status":"open","ping_status":"open","sticky":false,"template":"","format":"standard","meta":[],"categories":[58],"tags":[],"_links":{"self":[{"href":"https:\/\/pasaenmendoza.com\/index.php?rest_route=\/wp\/v2\/posts\/3436"}],"collection":[{"href":"https:\/\/pasaenmendoza.com\/index.php?rest_route=\/wp\/v2\/posts"}],"about":[{"href":"https:\/\/pasaenmendoza.com\/index.php?rest_route=\/wp\/v2\/types\/post"}],"author":[{"embeddable":true,"href":"https:\/\/pasaenmendoza.com\/index.php?rest_route=\/wp\/v2\/users\/2"}],"replies":[{"embeddable":true,"href":"https:\/\/pasaenmendoza.com\/index.php?rest_route=%2Fwp%2Fv2%2Fcomments&post=3436"}],"version-history":[{"count":2,"href":"https:\/\/pasaenmendoza.com\/index.php?rest_route=\/wp\/v2\/posts\/3436\/revisions"}],"predecessor-version":[{"id":3443,"href":"https:\/\/pasaenmendoza.com\/index.php?rest_route=\/wp\/v2\/posts\/3436\/revisions\/3443"}],"wp:featuredmedia":[{"embeddable":true,"href":"https:\/\/pasaenmendoza.com\/index.php?rest_route=\/wp\/v2\/media\/3437"}],"wp:attachment":[{"href":"https:\/\/pasaenmendoza.com\/index.php?rest_route=%2Fwp%2Fv2%2Fmedia&parent=3436"}],"wp:term":[{"taxonomy":"category","embeddable":true,"href":"https:\/\/pasaenmendoza.com\/index.php?rest_route=%2Fwp%2Fv2%2Fcategories&post=3436"},{"taxonomy":"post_tag","embeddable":true,"href":"https:\/\/pasaenmendoza.com\/index.php?rest_route=%2Fwp%2Fv2%2Ftags&post=3436"}],"curies":[{"name":"wp","href":"https:\/\/api.w.org\/{rel}","templated":true}]}}