{"id":3441,"date":"2023-11-30T13:52:14","date_gmt":"2023-11-30T12:52:14","guid":{"rendered":"https:\/\/pasaenmendoza.com\/?p=3441"},"modified":"2023-11-30T13:52:16","modified_gmt":"2023-11-30T12:52:16","slug":"un-movil-policial-choco-contra-un-poste-de-luz-en-la-panamericana","status":"publish","type":"post","link":"https:\/\/pasaenmendoza.com\/?p=3441","title":{"rendered":"Un m\u00f3vil policial choc\u00f3 contra un poste de luz en la Panamericana"},"content":{"rendered":"\n<p>En la madrugada de este jueves,\u00a0un\u00a0<strong>m\u00f3vil policial<\/strong>\u00a0<strong>choc\u00f3 contra un poste de luz<\/strong>\u00a0en el\u00a0departamento de<strong>\u00a0Godoy Cruz<\/strong>.\u00a0<\/p>\n\n\n\n<p>El incidente vial tuvo lugar sobre la\u00a0<strong>Panamericana<\/strong>, en la intersecci\u00f3n con\u00a0<strong>Neuqu\u00e9n,\u00a0<\/strong>pasando el puente de la ciclov\u00eda, cerca de las 6 de la ma\u00f1ana.\u00a0<\/p>\n\n\n\n<p>Seg\u00fan los primeros reportes, el m\u00f3vil se dirig\u00eda hacia el sur por Panamericana cuando el conductor pierde el dominio del veh\u00edculo y colisiona contra el poste de luz, ubicado en dicha intersecci\u00f3n.<\/p>\n\n\n\n<p>Como consecuencia del impacto, dos efectivos policiales resultaron heridos y fueron trasladados, aunque informaron que ambos se encuentran fuera de peligro.<\/p>\n\n\n\n<p>Las circunstancias exactas que llevaron al accidente a\u00fan se encuentran bajo investigaci\u00f3n, y se espera que las autoridades brinden m\u00e1s detalles a medida que avancen en la recolecci\u00f3n de pruebas y testimonios.<\/p>\n\n\n\n<p><strong>Fuente: www.mendozapost.com<\/strong><\/p>\n","protected":false},"excerpt":{"rendered":"<p>En la madrugada de este jueves,\u00a0un\u00a0m\u00f3vil policial\u00a0choc\u00f3 contra un poste de luz\u00a0en el\u00a0departamento de\u00a0Godoy Cruz.\u00a0 El incidente vial tuvo lugar sobre la\u00a0Panamericana, en la intersecci\u00f3n con\u00a0Neuqu\u00e9n,\u00a0pasando el puente de la ciclov\u00eda, cerca de las 6 de la ma\u00f1ana.\u00a0 Seg\u00fan los primeros reportes, el m\u00f3vil se dirig\u00eda hacia el sur por Panamericana cuando el conductor pierde [&hellip;]<\/p>\n","protected":false},"author":2,"featured_media":3445,"comment_status":"open","ping_status":"open","sticky":false,"template":"","format":"standard","meta":[],"categories":[48],"tags":[],"_links":{"self":[{"href":"https:\/\/pasaenmendoza.com\/index.php?rest_route=\/wp\/v2\/posts\/3441"}],"collection":[{"href":"https:\/\/pasaenmendoza.com\/index.php?rest_route=\/wp\/v2\/posts"}],"about":[{"href":"https:\/\/pasaenmendoza.com\/index.php?rest_route=\/wp\/v2\/types\/post"}],"author":[{"embeddable":true,"href":"https:\/\/pasaenmendoza.com\/index.php?rest_route=\/wp\/v2\/users\/2"}],"replies":[{"embeddable":true,"href":"https:\/\/pasaenmendoza.com\/index.php?rest_route=%2Fwp%2Fv2%2Fcomments&post=3441"}],"version-history":[{"count":1,"href":"https:\/\/pasaenmendoza.com\/index.php?rest_route=\/wp\/v2\/posts\/3441\/revisions"}],"predecessor-version":[{"id":3446,"href":"https:\/\/pasaenmendoza.com\/index.php?rest_route=\/wp\/v2\/posts\/3441\/revisions\/3446"}],"wp:featuredmedia":[{"embeddable":true,"href":"https:\/\/pasaenmendoza.com\/index.php?rest_route=\/wp\/v2\/media\/3445"}],"wp:attachment":[{"href":"https:\/\/pasaenmendoza.com\/index.php?rest_route=%2Fwp%2Fv2%2Fmedia&parent=3441"}],"wp:term":[{"taxonomy":"category","embeddable":true,"href":"https:\/\/pasaenmendoza.com\/index.php?rest_route=%2Fwp%2Fv2%2Fcategories&post=3441"},{"taxonomy":"post_tag","embeddable":true,"href":"https:\/\/pasaenmendoza.com\/index.php?rest_route=%2Fwp%2Fv2%2Ftags&post=3441"}],"curies":[{"name":"wp","href":"https:\/\/api.w.org\/{rel}","templated":true}]}}